{"id":9152,"date":"2024-09-02T17:13:04","date_gmt":"2024-09-02T23:13:04","guid":{"rendered":"https:\/\/zonalimitrofe-cbnr.com\/?p=9152"},"modified":"2024-09-02T17:13:04","modified_gmt":"2024-09-02T23:13:04","slug":"uadec-comparte-su-experiencia-de-vida-con-universitarios-de-la-uadec-la-activista-y-defensora-de-derechos-humanos-kenya-cuevas","status":"publish","type":"post","link":"https:\/\/zonalimitrofe-cbnr.com\/index.php\/2024\/09\/02\/uadec-comparte-su-experiencia-de-vida-con-universitarios-de-la-uadec-la-activista-y-defensora-de-derechos-humanos-kenya-cuevas\/","title":{"rendered":"#UAdeC. Comparte su Experiencia de Vida con Universitarios de la UAdeC la Activista y Defensora de Derechos Humanos, Kenya Cuevas"},"content":{"rendered":"\n<p>SALTILLO, Coahuila. 2 de septiembre de 2024. En el marco del D\u00eda Nacional de las y los Trabajadores Sociales, la Universidad Aut\u00f3noma de Coahuila a trav\u00e9s de la Facultad de Trabajo Social, la Escuela de Ciencias de la Comunidad, la Coordinaci\u00f3n de Igualdad de G\u00e9nero y las coordinaciones de Unidad Saltillo y Torre\u00f3n, llev\u00f3 a cabo el taller y conferencia \u201cHistoria de vida y derechos de la comunidad LGBTTTIQ+\u201d por la activista y defensora de los derechos humanos, Kenya Cuevas.<\/p>\n\n\n\n<p>Kenya Cuevas es una activista y defensora de los derechos humanos, desde sus propias vivencias se ha posicionado como una pieza clave en la defensa de los derechos humanos de la poblaci\u00f3n trans, las personas en reclusi\u00f3n, de las trabajadoras sexuales, personas en situaci\u00f3n de calle, usuarios de drogas y las que viven con VIH.<\/p>\n\n\n\n<p>Fund\u00f3 la asociaci\u00f3n civil \u201cCasa de las mu\u00f1ecas Tiresias AC\u201d, as\u00ed como la \u201cCasa Hogar Paola Buenrostro\u201d, el primer refugio destinado a mujeres trans en M\u00e9xico, este lugar es dedicado a la memoria de su amiga Paola, quien fue v\u00edctima de transfeminicidio, desde entonces Kenya ha luchado para que se tipifique el transfeminicidio como delito en la Ciudad de M\u00e9xico.<\/p>\n\n\n\n<p>En su trayectoria como activista lleva acumulados m\u00e1s de 200 reconocimientos y premios por su participaci\u00f3n en espacios educativos, acad\u00e9micos, legislativos, foros institucionales y medios de comunicaci\u00f3n<\/p>\n\n\n\n<p>En Saltillo el evento tuvo lugar en el Paraninfo del Ateneo Fuente y en Torre\u00f3n en la Sala Magna del Centro Braulio Fern\u00e1ndez Aguirre, con la presencia de las coordinadoras de Unidad Saltillo y Torre\u00f3n, Eva Kerena Hern\u00e1ndez Mart\u00ednez y Sandra L\u00f3pez Chavarr\u00eda.<\/p>\n\n\n\n<p>Adem\u00e1s de la coordinadora de Igualdad de G\u00e9nero, Lorena Medina Bocanegra, la titular del Tribunal Universitario, Nadia Salas Carrillo, la directora de la Escuela de Ciencias de la Comunidad, Gabriela Perales Garc\u00eda, el director de la Facultad de Trabajo Social, C\u00e9sar Arnulfo de Le\u00f3n Alvarado, docentes, estudiantes y p\u00fablico en general.<\/p>\n\n\n\n<p>La coordinadora de la Unidad Torre\u00f3n, Sandra L\u00f3pez Chavarr\u00eda, se\u00f1al\u00f3 que la declaraci\u00f3n oficial del D\u00eda Nacional de las y los Trabajadores Sociales en M\u00e9xico, representa un desaf\u00edo y una oportunidad para reafirmar el compromiso como universitarias y universitarios con la profesionalizaci\u00f3n de esta vocaci\u00f3n.<\/p>\n\n\n\n<p>Agreg\u00f3 que, la labor de la UAdeC est\u00e1 orientada a garantizar el respeto a la diversidad, acompa\u00f1ar a las personas en su proceso de autoaceptaci\u00f3n y apoyar a la comunidad LGBTTTQI+ en la defensa de sus derechos, \u201cEstamos aqu\u00ed para visibilizar, educar y empoderar a nuestras y nuestros estudiantes y a toda la comunidad, para que podamos vivir con orgullo nuestra diversidad y denunciar todo tipo de violencia y discriminaci\u00f3n\u201d.<\/p>\n\n\n\n<p>Por su parte, la directora de la Escuela de Ciencias de la Comunidad, Gabriela Perales, agradeci\u00f3 a la activista Kenya Cuevas, por compartir su experiencia de vida, su valent\u00eda y lucha incansable, \u201cGracias por ense\u00f1arnos que la diversidad es una riqueza y que todas y todos merecemos vivir en un mundo libre de discriminaci\u00f3n\u201d.<\/p>\n\n\n\n<p>Al t\u00e9rmino de la conferencia y el taller en la Unidad Torre\u00f3n, las y los asistentes, en compa\u00f1\u00eda de Kenya Cuevas, se trasladaron al estacionamiento de la Escuela de Ciencias de la Comunidad para realizar la pinta de una l\u00ednea peatonal LGBTTTIQ+, la cual es la primera que se lleva a cabo en la UAdeC UT.<\/p>\n","protected":false},"excerpt":{"rendered":"<p>SALTILLO, Coahuila. 2 de septiembre de 2024. En el marco del D\u00eda Nacional de las y los Trabajadores Sociales, la Universidad Aut\u00f3noma de Coahuila a trav\u00e9s de la Facultad de Trabajo Social, la Escuela de Ciencias de la Comunidad, la Coordinaci\u00f3n de Igualdad de G\u00e9nero y las coordinaciones de Unidad Saltillo y Torre\u00f3n, llev\u00f3 a [&hellip;]<\/p>\n","protected":false},"author":1,"featured_media":9153,"comment_status":"open","ping_status":"open","sticky":false,"template":"","format":"standard","meta":{"_monsterinsights_skip_tracking":false,"_monsterinsights_sitenote_active":false,"_monsterinsights_sitenote_note":"","_monsterinsights_sitenote_category":0,"footnotes":""},"categories":[1],"tags":[],"_links":{"self":[{"href":"https:\/\/zonalimitrofe-cbnr.com\/index.php\/wp-json\/wp\/v2\/posts\/9152"}],"collection":[{"href":"https:\/\/zonalimitrofe-cbnr.com\/index.php\/wp-json\/wp\/v2\/posts"}],"about":[{"href":"https:\/\/zonalimitrofe-cbnr.com\/index.php\/wp-json\/wp\/v2\/types\/post"}],"author":[{"embeddable":true,"href":"https:\/\/zonalimitrofe-cbnr.com\/index.php\/wp-json\/wp\/v2\/users\/1"}],"replies":[{"embeddable":true,"href":"https:\/\/zonalimitrofe-cbnr.com\/index.php\/wp-json\/wp\/v2\/comments?post=9152"}],"version-history":[{"count":1,"href":"https:\/\/zonalimitrofe-cbnr.com\/index.php\/wp-json\/wp\/v2\/posts\/9152\/revisions"}],"predecessor-version":[{"id":9154,"href":"https:\/\/zonalimitrofe-cbnr.com\/index.php\/wp-json\/wp\/v2\/posts\/9152\/revisions\/9154"}],"wp:featuredmedia":[{"embeddable":true,"href":"https:\/\/zonalimitrofe-cbnr.com\/index.php\/wp-json\/wp\/v2\/media\/9153"}],"wp:attachment":[{"href":"https:\/\/zonalimitrofe-cbnr.com\/index.php\/wp-json\/wp\/v2\/media?parent=9152"}],"wp:term":[{"taxonomy":"category","embeddable":true,"href":"https:\/\/zonalimitrofe-cbnr.com\/index.php\/wp-json\/wp\/v2\/categories?post=9152"},{"taxonomy":"post_tag","embeddable":true,"href":"https:\/\/zonalimitrofe-cbnr.com\/index.php\/wp-json\/wp\/v2\/tags?post=9152"}],"curies":[{"name":"wp","href":"https:\/\/api.w.org\/{rel}","templated":true}]}}