{"id":9133,"date":"2024-09-02T15:03:22","date_gmt":"2024-09-02T21:03:22","guid":{"rendered":"https:\/\/zonalimitrofe-cbnr.com\/?p=9133"},"modified":"2024-09-02T15:03:22","modified_gmt":"2024-09-02T21:03:22","slug":"torreon-roman-alberto-cepeda-gonzalez-preside-ceremonia-de-izamiento-de-bandera-torreon-coahuila-a-2-de-septiembre-de-2024","status":"publish","type":"post","link":"https:\/\/zonalimitrofe-cbnr.com\/index.php\/2024\/09\/02\/torreon-roman-alberto-cepeda-gonzalez-preside-ceremonia-de-izamiento-de-bandera-torreon-coahuila-a-2-de-septiembre-de-2024\/","title":{"rendered":"#Torre\u00f3n. Rom\u00e1n Alberto Cepeda Gonz\u00e1lez preside ceremonia de izamiento de bandera\u00a0Torre\u00f3n, Coahuila. A 2 de septiembre de 2024."},"content":{"rendered":"\n<p>El alcalde de Torre\u00f3n, de Torre\u00f3n, Rom\u00e1n Alberto Cepeda Gonz\u00e1lez, presidi\u00f3 la ceremonia de Izamiento de la Bandera Nacional, en la explanada de la Plaza Mayor, acompa\u00f1ado de autoridades civiles y militares, en el marco del inicio de las fiestas patrias por la Independencia de M\u00e9xico y del 117 aniversario de la ciudad.<br>&nbsp;<br>\u201cCon esta ceremonia de Izamiento de Bandera, damos inicio a los festejos de septiembre, a los 214 a\u00f1os del Grito de Independencia, y el 177 aniversario de la Gesta Heroica de Chapultepec\u201d, dijo el edil.<br>&nbsp;<br>En su mensaje, el Presidente Municipal agradeci\u00f3 a las autoridades militares y a todas las corporaciones, por el acompa\u00f1amiento y la buena coordinaci\u00f3n para mantener a Torre\u00f3n seguro y con paz social.<br>&nbsp;<br>\u201cHoy tenemos la oportunidad por tercer a\u00f1o consecutivo, de estar al frente de este importante evento, aprovecho para agradecer a las autoridades militares, a la Guardia Nacional y a todas las corporaciones por el apoyo incondicional y por seguir en este 117 aniversario de Torre\u00f3n, manteniendo una ciudad que trabaja, que impulsa, que genera tranquilidad y esperanza ante la coordinaci\u00f3n de esfuerzos de quien hoy nos acompa\u00f1an\u201d, expres\u00f3.<br>&nbsp;<br>El Alcalde reiter\u00f3 tambi\u00e9n su compromiso para seguir trabajando por el municipio y mandar el mensaje al pa\u00eds de que Torre\u00f3n seguir\u00e1 siendo una ciudad m\u00e1s justa, m\u00e1s equitativa, con mejor coordinaci\u00f3n, y un ejemplo de que s\u00ed se puede tener ciudades tranquilas.<br>&nbsp;<br>En la ceremonia se ofrecieron palabras alusivas y lectura del bando solemne de la ciudad.<br>&nbsp;<br>El Presidente Municipal dio lectura tambi\u00e9n al Decreto de la Fundaci\u00f3n de la ciudad:<\/p>\n\n\n\n<p>\u201cMiguel C\u00e1rdenas, Gobernador constitucional del Estado de Coahuila de Zaragoza, a sus habitantes sabed que el Honorable Congreso del mismo, ha decretado lo siguiente:<\/p>\n\n\n\n<p>El D\u00e9cimo Noveno Congreso Constitucional libre, independiente y soberano de Coahuila de Zaragoza decreta, n\u00famero 1029 art\u00edculo primero, se erige en la ciudad con la ciudad, con la denominaci\u00f3n de Torre\u00f3n, la villa de este nombre, del distrito de Viesca.<br>Art\u00edculo segundo, la promulgaci\u00f3n de este decreto tendr\u00e1 lugar el d\u00eda 15 de septiembre del pr\u00f3ximo, dado en el Sal\u00f3n de Sesiones del H. Congreso del Estado, Saltillo, Coahuila, A julio 12 de 1907, diputado presidente Encarnaci\u00f3n D\u00e1vila, diputado secretario E.A. Rodr\u00edguez, diputado secretario S. C\u00e1rdenas\u201d, indica el documento hist\u00f3rico.<br>&nbsp;<br>En la ceremonia fue entonado el Himno Nacional.<br>&nbsp;<br>En la ceremonia estuvieron presentes: General de Divisi\u00f3n D.E.M. Eufemio Alberto Ibarra Flores, comandante de la XI Regi\u00f3n Militar; comisario Jos\u00e9 Luis Sedano Ram\u00edrez, coordinador estatal de la Guardia Nacional en Coahuila; Natalia Guadalupe Fern\u00e1ndez Mart\u00ednez, secretaria del Ayuntamiento; Luis Jorge Cuerda Serna, primer regidor; General Brigadier D.E.M. Pedro Alberto Hern\u00e1ndez Gallardo, comandante del Mando Especial de La Laguna; autoridades federales, estatales y municipales y el Consejo de Seguridad.<br>&nbsp;<br>Se cont\u00f3 con la presencia tambi\u00e9n de la Banda de Guerra Monumental y la Banda de M\u00fasica de la XI Regi\u00f3n Militar, personal militar del Ej\u00e9rcito y Guardia Nacional.<br>&nbsp;<\/p>\n","protected":false},"excerpt":{"rendered":"<p>El alcalde de Torre\u00f3n, de Torre\u00f3n, Rom\u00e1n Alberto Cepeda Gonz\u00e1lez, presidi\u00f3 la ceremonia de Izamiento de la Bandera Nacional, en la explanada de la Plaza Mayor, acompa\u00f1ado de autoridades civiles y militares, en el marco del inicio de las fiestas patrias por la Independencia de M\u00e9xico y del 117 aniversario de la ciudad.&nbsp;\u201cCon esta ceremonia [&hellip;]<\/p>\n","protected":false},"author":1,"featured_media":9135,"comment_status":"open","ping_status":"open","sticky":false,"template":"","format":"standard","meta":{"_monsterinsights_skip_tracking":false,"_monsterinsights_sitenote_active":false,"_monsterinsights_sitenote_note":"","_monsterinsights_sitenote_category":0,"footnotes":""},"categories":[1],"tags":[],"_links":{"self":[{"href":"https:\/\/zonalimitrofe-cbnr.com\/index.php\/wp-json\/wp\/v2\/posts\/9133"}],"collection":[{"href":"https:\/\/zonalimitrofe-cbnr.com\/index.php\/wp-json\/wp\/v2\/posts"}],"about":[{"href":"https:\/\/zonalimitrofe-cbnr.com\/index.php\/wp-json\/wp\/v2\/types\/post"}],"author":[{"embeddable":true,"href":"https:\/\/zonalimitrofe-cbnr.com\/index.php\/wp-json\/wp\/v2\/users\/1"}],"replies":[{"embeddable":true,"href":"https:\/\/zonalimitrofe-cbnr.com\/index.php\/wp-json\/wp\/v2\/comments?post=9133"}],"version-history":[{"count":1,"href":"https:\/\/zonalimitrofe-cbnr.com\/index.php\/wp-json\/wp\/v2\/posts\/9133\/revisions"}],"predecessor-version":[{"id":9136,"href":"https:\/\/zonalimitrofe-cbnr.com\/index.php\/wp-json\/wp\/v2\/posts\/9133\/revisions\/9136"}],"wp:featuredmedia":[{"embeddable":true,"href":"https:\/\/zonalimitrofe-cbnr.com\/index.php\/wp-json\/wp\/v2\/media\/9135"}],"wp:attachment":[{"href":"https:\/\/zonalimitrofe-cbnr.com\/index.php\/wp-json\/wp\/v2\/media?parent=9133"}],"wp:term":[{"taxonomy":"category","embeddable":true,"href":"https:\/\/zonalimitrofe-cbnr.com\/index.php\/wp-json\/wp\/v2\/categories?post=9133"},{"taxonomy":"post_tag","embeddable":true,"href":"https:\/\/zonalimitrofe-cbnr.com\/index.php\/wp-json\/wp\/v2\/tags?post=9133"}],"curies":[{"name":"wp","href":"https:\/\/api.w.org\/{rel}","templated":true}]}}