{"id":9055,"date":"2024-08-31T13:59:08","date_gmt":"2024-08-31T19:59:08","guid":{"rendered":"https:\/\/zonalimitrofe-cbnr.com\/?p=9055"},"modified":"2024-08-31T13:59:08","modified_gmt":"2024-08-31T19:59:08","slug":"lerdo-se-prepara-para-el-214-aniversario-de-la-independencia-de-mexico","status":"publish","type":"post","link":"https:\/\/zonalimitrofe-cbnr.com\/index.php\/2024\/08\/31\/lerdo-se-prepara-para-el-214-aniversario-de-la-independencia-de-mexico\/","title":{"rendered":"#LERDO SE PREPARA PARA EL 214 ANIVERSARIO DE LA INDEPENDENCIA DE M\u00c9XICO*"},"content":{"rendered":"\n<p>Lerdo, 31 de agosto 2024.\u2013 La direcci\u00f3n de Educaci\u00f3n en Lerdo llev\u00f3 a cabo una reuni\u00f3n clave para coordinar los detalles del Desfile Militar que conmemorar\u00e1 el 214 aniversario del inicio de la Independencia de M\u00e9xico. Este encuentro, realizado en el marco de la preparaci\u00f3n para uno de los eventos c\u00edvicos m\u00e1s significativos del a\u00f1o, reuni\u00f3 a diversas \u00e1reas municipales y planteles educativos, en la sala de juntas del Teatro Hermila Galindo.<\/p>\n\n\n\n<p>La reuni\u00f3n estuvo encabezada por Rom\u00e1n Alberto Herrera D\u00edaz, director de Educaci\u00f3n, quien estuvo acompa\u00f1ado por el secretario t\u00e9cnico Ram\u00f3n Acosta Barrios e Iv\u00e1n Cortez Moreno de la Secretar\u00eda de Educaci\u00f3n P\u00fablica. Tambi\u00e9n participaron representantes del DIF, el Instituto Municipal del Deporte, Tr\u00e1nsito y Vialidad, la Coordinaci\u00f3n de Bibliotecas P\u00fablicas Municipales, Plazas y Mercados. La colaboraci\u00f3n de estos organismos es crucial para el \u00e9xito del desfile, que se celebrar\u00e1 el pr\u00f3ximo lunes 16 de septiembre a las 16:00 horas.<\/p>\n\n\n\n<p>En el encuentro, se discutieron los aspectos operativos y log\u00edsticos del desfile, as\u00ed como el papel que cada instituci\u00f3n desempe\u00f1ar\u00e1 durante el evento. La participaci\u00f3n de las autoridades municipales y los diversos planteles educativos, refleja el compromiso de Lerdo con la celebraci\u00f3n de este importante aniversario. Entre las instituciones educativas que estar\u00e1n presentes se encuentran la Banda de Guerra y Escolta del Instituto Honor y Patria A.C., la Preparatoria Francisco Villa, IESEN, Lerdo Contempor\u00e1neo, CBTA 47, Secundaria Estatal 22 de Septiembre, UTL, Secundaria General Melquiades Campos Esquivel, Secundaria Jos\u00e9 Santos Vald\u00e9s, CBTIS 4, Secundaria Ricardo Flores Mag\u00f3n, COBAED 02 Lerdo, Colegio Primo de Verdad, ELEF, y CECYTED 09 Lerdo.<\/p>\n\n\n\n<p>Hasta el momento, 14 escuelas secundarias, preparatorias y de nivel superior han confirmado su participaci\u00f3n en el desfile. El recorrido comenzar\u00e1 en el Parque Victoria y se extender\u00e1 hasta la calle Abasolo, ofreciendo a los espectadores una vista completa de las distintas escuelas que marchar\u00e1n para conmemorar la independencia nacional.<\/p>\n\n\n\n<p>El desfile del a\u00f1o pasado logr\u00f3 convocar a m\u00e1s de 8 mil espectadores, y este a\u00f1o se espera superar ese n\u00famero. Este aumento en la participaci\u00f3n subraya el creciente inter\u00e9s y la relevancia del evento para la comunidad local.<\/p>\n\n\n\n<p>La celebraci\u00f3n del 214 aniversario del inicio de la Independencia de M\u00e9xico, en Lerdo, fortalece el sentido de pertenencia, arraigo a la historia y la cultura nacional, y el orgullo c\u00edvico entre los ciudadanos. La coordinaci\u00f3n efectiva entre las diversas entidades involucradas y la alta participaci\u00f3n de las instituciones educativas prometen un desfile memorable y significativo para todos los asistentes.<\/p>\n","protected":false},"excerpt":{"rendered":"<p>Lerdo, 31 de agosto 2024.\u2013 La direcci\u00f3n de Educaci\u00f3n en Lerdo llev\u00f3 a cabo una reuni\u00f3n clave para coordinar los detalles del Desfile Militar que conmemorar\u00e1 el 214 aniversario del inicio de la Independencia de M\u00e9xico. Este encuentro, realizado en el marco de la preparaci\u00f3n para uno de los eventos c\u00edvicos m\u00e1s significativos del a\u00f1o, [&hellip;]<\/p>\n","protected":false},"author":1,"featured_media":9056,"comment_status":"open","ping_status":"open","sticky":false,"template":"","format":"standard","meta":{"_monsterinsights_skip_tracking":false,"_monsterinsights_sitenote_active":false,"_monsterinsights_sitenote_note":"","_monsterinsights_sitenote_category":0,"footnotes":""},"categories":[1],"tags":[],"_links":{"self":[{"href":"https:\/\/zonalimitrofe-cbnr.com\/index.php\/wp-json\/wp\/v2\/posts\/9055"}],"collection":[{"href":"https:\/\/zonalimitrofe-cbnr.com\/index.php\/wp-json\/wp\/v2\/posts"}],"about":[{"href":"https:\/\/zonalimitrofe-cbnr.com\/index.php\/wp-json\/wp\/v2\/types\/post"}],"author":[{"embeddable":true,"href":"https:\/\/zonalimitrofe-cbnr.com\/index.php\/wp-json\/wp\/v2\/users\/1"}],"replies":[{"embeddable":true,"href":"https:\/\/zonalimitrofe-cbnr.com\/index.php\/wp-json\/wp\/v2\/comments?post=9055"}],"version-history":[{"count":1,"href":"https:\/\/zonalimitrofe-cbnr.com\/index.php\/wp-json\/wp\/v2\/posts\/9055\/revisions"}],"predecessor-version":[{"id":9057,"href":"https:\/\/zonalimitrofe-cbnr.com\/index.php\/wp-json\/wp\/v2\/posts\/9055\/revisions\/9057"}],"wp:featuredmedia":[{"embeddable":true,"href":"https:\/\/zonalimitrofe-cbnr.com\/index.php\/wp-json\/wp\/v2\/media\/9056"}],"wp:attachment":[{"href":"https:\/\/zonalimitrofe-cbnr.com\/index.php\/wp-json\/wp\/v2\/media?parent=9055"}],"wp:term":[{"taxonomy":"category","embeddable":true,"href":"https:\/\/zonalimitrofe-cbnr.com\/index.php\/wp-json\/wp\/v2\/categories?post=9055"},{"taxonomy":"post_tag","embeddable":true,"href":"https:\/\/zonalimitrofe-cbnr.com\/index.php\/wp-json\/wp\/v2\/tags?post=9055"}],"curies":[{"name":"wp","href":"https:\/\/api.w.org\/{rel}","templated":true}]}}