{"id":9052,"date":"2024-08-31T13:55:54","date_gmt":"2024-08-31T19:55:54","guid":{"rendered":"https:\/\/zonalimitrofe-cbnr.com\/?p=9052"},"modified":"2024-08-31T13:55:55","modified_gmt":"2024-08-31T19:55:55","slug":"coahuila-cuenta-con-el-talento-de-sus-jovenes-manolo","status":"publish","type":"post","link":"https:\/\/zonalimitrofe-cbnr.com\/index.php\/2024\/08\/31\/coahuila-cuenta-con-el-talento-de-sus-jovenes-manolo\/","title":{"rendered":"#COAHUILA CUENTA CON EL TALENTO DE SUS J\u00d3VENES: MANOLO"},"content":{"rendered":"\n<p>\u00b7 Entrega gobernador del estado el Premio Estatal de la Juventud \u201cJ\u00f3venes Gigantes 2024\u201d<\/p>\n\n\n\n<p>\u00b7 Adem\u00e1s, instala el Consejo Estatal Ciudadano \u201cJuventud Pa\u2019delante\u201d<\/p>\n\n\n\n<p>Saltillo, Coahuila de Zaragoza; a 30 de agosto de 2024.- \u201cCoahuila necesita del talento de las y los j\u00f3venes de nuestro estado, para que entre todas y todos sigamos construyendo la grandeza de nuestro estado\u201d, expres\u00f3 el gobernador Manolo Jim\u00e9nez Salinas al reconocer, con el Premio Estatal de la Juventud \u201cJ\u00f3venes Gigantes 2024\u201d, a 11 coahuilenses destacados por su conducta o labor en diferentes categor\u00edas.<\/p>\n\n\n\n<p>En esta misma jornada, Manolo Jim\u00e9nez tom\u00f3 protesta a los integrantes del Consejo Estatal Ciudadano \u201cJuventud Pa\u2019delante\u201d, el cual es un \u00f3rgano de car\u00e1cter consultivo que tiene por objetivo analizar, discutir, deliberar y proponer acciones, respecto a las pol\u00edticas p\u00fablicas en materia de juventud.<\/p>\n\n\n\n<p>\u201cEsta es una gran manera de cerrar el mes de la Juventud; hoy, con la entrega de este premio y la instalaci\u00f3n del Consejo Estatal \u2018J\u00f3venes Pa\u2019delante\u2019, lo estamos cerrando con broche de oro\u201d, manifest\u00f3 el Mandatario estatal.<\/p>\n\n\n\n<p>Felicit\u00f3 a todas y todos los ganadores y expres\u00f3 sentirse muy orgulloso de ellos, ya que son un ejemplo para todas nuestras ni\u00f1as, ni\u00f1os, j\u00f3venes y adolescentes. Adem\u00e1s, felicit\u00f3 a las familias de las y los galardonados, a sus equipos de trabajo, a sus maestras, a sus maestros, a sus entrenadores, y a todos los que forman parte de este reconocimiento.<\/p>\n\n\n\n<p>Manolo Jim\u00e9nez abund\u00f3 que cada vez que se tiene un evento con j\u00f3venes, es un s\u00edntoma muy positivo para Coahuila, porque, dijo, el presente y el futuro de una ciudad, de un Estado o de un Pa\u00eds est\u00e1 basado, en gran medida, en sus j\u00f3venes.<\/p>\n\n\n\n<p>A los integrantes del Consejo Estatal les pidi\u00f3 su apoyo para empujar las pol\u00edticas p\u00fablicas a favor de las y los j\u00f3venes del Estado; agreg\u00f3 que para su administraci\u00f3n es bien importante la participaci\u00f3n de la Juventud, su sentir y su pensar en los proyectos que se tienen en este tema.<\/p>\n\n\n\n<p>\u201cPor eso yo celebro la instalaci\u00f3n de este Consejo, porque estoy seguro que vamos a sacar muchas buenas ideas y, adem\u00e1s, nos van a apoyar a cumplirle a nuestra gente, porque la mejor manera de honrar su confianza es cumpliendo\u201d, indic\u00f3.<\/p>\n\n\n\n<p>Jim\u00e9nez Salinas asever\u00f3 que todo lo que se hace dentro de su gesti\u00f3n, es con la finalidad de mejorar la calidad de vida de las y los coahuilenses.<\/p>\n\n\n\n<p>Asimismo, mencion\u00f3 que junto a su equipo de trabajo se elabora en otros temas igual de importantes como la educaci\u00f3n, el desarrollo econ\u00f3mico y la seguridad.<\/p>\n\n\n\n<p>\u201cSigamos trabajando en equipo para mantener a Coahuila como uno de los mejores estados para vivir en M\u00e9xico\u201d, expres\u00f3 el gobernador Manolo Jim\u00e9nez Salinas.<\/p>\n\n\n\n<p>Iv\u00e1n Terashima Zamora, titular del Instituto Coahuilense de la Juventud se\u00f1al\u00f3 que el sentido de responsabilidad del gobernador Manolo Jim\u00e9nez hacia la juventud es inquebrantable. Agreg\u00f3 que desde el inicio de su gesti\u00f3n los ha puesto en el centro de sus pol\u00edticas con confianza y determinaci\u00f3n, al entender que son los j\u00f3venes quienes llevar\u00e1n las riendas de Coahuila en los a\u00f1os por venir.<\/p>\n\n\n\n<p>Coment\u00f3 que el Premio Estatal de la Juventud es un programa que reconoce y celebra a aquellos que con su esfuerzo, creatividad y liderazgo han marcado una diferencia en su comunidad.<\/p>\n\n\n\n<p>Jos\u00e9 Mar\u00eda Fraustro Siller, presidente municipal de Saltillo se\u00f1al\u00f3 que los j\u00f3venes son el motor que impulsa el desarrollo de Coahuila.<\/p>\n\n\n\n<p>Hoy celebramos a 11 j\u00f3venes excepcionales, que a trav\u00e9s de sus proyectos y metas han demostrado que pueden influir positivamente en nuestra sociedad.<\/p>\n\n\n\n<p>Melissa Alejandra Moreno Soto, galardonada en la categor\u00eda Art\u00edstico y Cultural, a nombre de sus compa\u00f1eros ganadores destac\u00f3 que los j\u00f3venes coahuilenses s\u00ed pueden desafiar al futuro siendo provocadores.<\/p>\n\n\n\n<p>Los galardonados del Premio Estatal de la Juventud 2024 fueron:<\/p>\n\n\n\n<ul>\n<li>Excelencia Acad\u00e9mica Secundaria: Maryan Ramos Mendoza, de M\u00fazquiz.<\/li>\n\n\n\n<li>Excelencia Acad\u00e9mica Preparatoria: Ximena Guti\u00e9rrez De Los Santos, de Saltillo.<\/li>\n\n\n\n<li>Excelencia Acad\u00e9mica Universidad: Juan Rodrigo Guzm\u00e1n Mart\u00ednez, de Ramos Arizpe.<\/li>\n\n\n\n<li>Art\u00edstico y Cultural: Melissa Alejandra Moreno Soto, de Saltillo.<\/li>\n\n\n\n<li>Deportivo: Luis Adri\u00e1n Joo Quintanilla, de Saltillo.<\/li>\n\n\n\n<li>Compromiso y Liderazgo Social: Michel Lee Garc\u00eda Z\u00fa\u00f1iga, de Ciudad Acu\u00f1a.<\/li>\n\n\n\n<li>Emprendimiento: Leslie Ann V\u00e1zquez Montalvo, de Allende.<\/li>\n\n\n\n<li>Ciencia y Tecnolog\u00eda: Juan Luis Flores S\u00e1nchez, de Saltillo.<\/li>\n\n\n\n<li>J\u00f3venes con Discapacidad: \u00c1ngel Enrique Perales Guti\u00e9rrez, de Ramos Arizpe.<\/li>\n\n\n\n<li>Inclusi\u00f3n Social: Tiffany Giselle Mu\u00f1oz Pasillas, de Torre\u00f3n.<\/li>\n\n\n\n<li>Protecci\u00f3n y Cuidado del Medio Ambiente: Natalia Morril Coronado, de Saltillo.<\/li>\n<\/ul>\n\n\n\n<p>&#8220;Llevamos a cabo la toma de protesta del Consejo Ciudadano \u201cJ\u00f3venes Pa\u2019Delante\u201d con el que estaremos fortaleciendo y construyendo de la mano, el mejor presente y futuro para Coahuila. Este comit\u00e9 est\u00e1 conformado por j\u00f3venes talentosos y echados pa\u2019delante de todo Coahuila, que con su participaci\u00f3n ser\u00e1n agentes de cambio y actores importantes en la toma de decisiones para nuestro estado y as\u00ed juntos llevar a Coahuila Pa\u2019delante&#8221;, destac\u00f3 el gobernador Manolo Jim\u00e9nez.<\/p>\n\n\n\n<p>Durante el Consejo Juvenil se instalaron cinco comisiones para el desarrollo y trabajo de los consejeros, basados en los ejes: Orden y Seguridad; Desarrollo Humano; Ciudadan\u00eda y Buen Gobierno; Coahuila Global; Infraestructura Sostenible.<\/p>\n\n\n\n<p>Enrique Mart\u00ednez y Morales, secretario de Inclusi\u00f3n y Desarrollo Social expres\u00f3 que con la instalaci\u00f3n de este Consejo Estatal Ciudadano se promover\u00e1n e impulsar\u00e1n espacios de participaci\u00f3n en la definici\u00f3n de las pol\u00edticas p\u00fablicas fundamentales para fortalecer la democracia y garantizar que las decisiones que tomen los gobiernos reflejen las necesidades y prioridades de los j\u00f3venes.<\/p>\n\n\n\n<p>Al hacer uso de la palabra, j\u00f3venes de cada una de las regiones coincidieron en la importancia de involucrar a la juventud en la toma de decisiones, y agradecieron al gobernador por tomar en cuenta su palabra.<\/p>\n\n\n\n<p>Acompa\u00f1aron al gobernador en estos eventos, adem\u00e1s, Paola Rodr\u00edguez L\u00f3pez, presidenta honoraria de Inspira Coahuila; Liliana Salinas Vald\u00e9s, presidenta honoraria del DIF Coahuila; Jaime Bueno Zertuche, diputado federal; Enrique Mart\u00ednez y Morales, secretario de Inclusi\u00f3n y Desarrollo Social; Gabriel Elizondo P\u00e9rez, coordinador general de Mejora Coahuila; Cecilia de la Garza, directora de Inspira Coahuila; Emanuel Garza Fishburn, secretario de Educaci\u00f3n.<\/p>\n\n\n\n<p>As\u00ed como diputados federales, diputados locales, funcionarios Estatales y Municipales; rectores y directores de Instituciones Educativas; Consejeros Estatales J\u00f3venes Pa\u2019delante; L\u00edderes Sociales, Deportivos y Educativos.<\/p>\n","protected":false},"excerpt":{"rendered":"<p>\u00b7 Entrega gobernador del estado el Premio Estatal de la Juventud \u201cJ\u00f3venes Gigantes 2024\u201d \u00b7 Adem\u00e1s, instala el Consejo Estatal Ciudadano \u201cJuventud Pa\u2019delante\u201d Saltillo, Coahuila de Zaragoza; a 30 de agosto de 2024.- \u201cCoahuila necesita del talento de las y los j\u00f3venes de nuestro estado, para que entre todas y todos sigamos construyendo la grandeza [&hellip;]<\/p>\n","protected":false},"author":1,"featured_media":9053,"comment_status":"open","ping_status":"open","sticky":false,"template":"","format":"standard","meta":{"_monsterinsights_skip_tracking":false,"_monsterinsights_sitenote_active":false,"_monsterinsights_sitenote_note":"","_monsterinsights_sitenote_category":0,"footnotes":""},"categories":[1],"tags":[],"_links":{"self":[{"href":"https:\/\/zonalimitrofe-cbnr.com\/index.php\/wp-json\/wp\/v2\/posts\/9052"}],"collection":[{"href":"https:\/\/zonalimitrofe-cbnr.com\/index.php\/wp-json\/wp\/v2\/posts"}],"about":[{"href":"https:\/\/zonalimitrofe-cbnr.com\/index.php\/wp-json\/wp\/v2\/types\/post"}],"author":[{"embeddable":true,"href":"https:\/\/zonalimitrofe-cbnr.com\/index.php\/wp-json\/wp\/v2\/users\/1"}],"replies":[{"embeddable":true,"href":"https:\/\/zonalimitrofe-cbnr.com\/index.php\/wp-json\/wp\/v2\/comments?post=9052"}],"version-history":[{"count":1,"href":"https:\/\/zonalimitrofe-cbnr.com\/index.php\/wp-json\/wp\/v2\/posts\/9052\/revisions"}],"predecessor-version":[{"id":9054,"href":"https:\/\/zonalimitrofe-cbnr.com\/index.php\/wp-json\/wp\/v2\/posts\/9052\/revisions\/9054"}],"wp:featuredmedia":[{"embeddable":true,"href":"https:\/\/zonalimitrofe-cbnr.com\/index.php\/wp-json\/wp\/v2\/media\/9053"}],"wp:attachment":[{"href":"https:\/\/zonalimitrofe-cbnr.com\/index.php\/wp-json\/wp\/v2\/media?parent=9052"}],"wp:term":[{"taxonomy":"category","embeddable":true,"href":"https:\/\/zonalimitrofe-cbnr.com\/index.php\/wp-json\/wp\/v2\/categories?post=9052"},{"taxonomy":"post_tag","embeddable":true,"href":"https:\/\/zonalimitrofe-cbnr.com\/index.php\/wp-json\/wp\/v2\/tags?post=9052"}],"curies":[{"name":"wp","href":"https:\/\/api.w.org\/{rel}","templated":true}]}}