{"id":8884,"date":"2024-08-27T13:11:41","date_gmt":"2024-08-27T19:11:41","guid":{"rendered":"https:\/\/zonalimitrofe-cbnr.com\/?p=8884"},"modified":"2024-08-27T13:11:41","modified_gmt":"2024-08-27T19:11:41","slug":"coahuila-promueve-coahuila-sus-tradiciones-anuncian-cabalgata-amigos-de-muzquiz-a-sabinas","status":"publish","type":"post","link":"https:\/\/zonalimitrofe-cbnr.com\/index.php\/2024\/08\/27\/coahuila-promueve-coahuila-sus-tradiciones-anuncian-cabalgata-amigos-de-muzquiz-a-sabinas\/","title":{"rendered":"#Coahuila. PROMUEVE COAHUILA SUS TRADICIONES: ANUNCIAN \u201cCABALGATA AMIGOS\u201d DE M\u00daZQUIZ A SABINAS"},"content":{"rendered":"\n<p>Sabinas, Coahuila de Zaragoza; a 26 de agosto de 2024.- Poniendo en alto los valores y tradiciones de Coahuila que promueve el gobierno de Manolo Jim\u00e9nez Salinas,el pr\u00f3ximo 5 de septiembre se llevar\u00e1 a cabo la \u201cCabalgata Amigos\u201d que saldr\u00e1 del Pueblo M\u00e1gico de M\u00fazquiz para sumarse a la Gran Cabalgata Sabinas 2024 el s\u00e1bado 7 de septiembre.<\/p>\n\n\n\n<p>Esta primera edici\u00f3n de la Cabalgata en la que se esperan 200 jinetes y unos 500 asistentes, fue presentada por los organizadores que son un grupo de empresarios de M\u00fazquiz y de la Regi\u00f3n Carbon\u00edfera encabezados por Enrique Falc\u00f3n y David Alonso; junto con la Secretaria de Turismo y Desarrollo de Pueblos M\u00e1gicos, Cristina Amezcua Gonz\u00e1lez; la Alcaldesa de Sabinas, Diana Haro Mart\u00ednez; el Secretario de Desarrollo Rural, Jes\u00fas Mar\u00eda Montemayor y Julio Aguirre, presidente del Patronato de la Gran Cabalgata Sabinas 2024, entre otros.<\/p>\n\n\n\n<p>Ser\u00e1 una traves\u00eda de m\u00e1s de 60 kil\u00f3metros siguiendo el lecho de los r\u00edos Sabinas y \u00c1lamos. Desde el d\u00eda mi\u00e9rcoles 4 de septiembre se instalar\u00e1 un corredor artesanal en M\u00fazquiz para impulsar al comercio local e incentivar la ocupaci\u00f3n hotelera con los jinetes y sus acompa\u00f1antes en beneficio del Pueblo M\u00e1gico.<\/p>\n\n\n\n<p>La salida ser\u00e1 el jueves 5 a las 8:00 horas desde el arco de M\u00fazquiz, avanzar\u00e1 hacia Pala\u00fa, de ah\u00ed bajan al r\u00edo disfrutando m\u00faltiples paisajes entre agua y sombra. En ese lugar habr\u00e1 un punto de hidrataci\u00f3n y una clamater\u00eda.<\/p>\n\n\n\n<p>Luego de la comida con los Negros Mascogos donde probar\u00e1n la gastronom\u00eda t\u00edpica regional seguir\u00e1 el recorrido rumbo a Nueva Rosita hacia el predio San Antonio, donde los cabalgantes tendr\u00e1n una velada.<\/p>\n\n\n\n<p>Participar\u00e1n cabalgantes de M\u00fazquiz, San Juan de Sabinas (Nueva Rosita), Sabinas, Progreso y Ju\u00e1rez. Adem\u00e1s, asisten cuatro jinetes kikapus y una escolta del Ej\u00e9rcito Mexicano acompa\u00f1ando el contingente.<\/p>\n\n\n\n<p>Se espera una afluencia de m\u00e1s de 500 asistentes y una derrama econ\u00f3mica de 1.5 millones de pesos en beneficio de los municipios participantes.<\/p>\n\n\n\n<p>En su mensaje, la Secretaria de Turismo, Cristina Amezcua se\u00f1al\u00f3 que \u201ces un gusto sumarnos a la \u2018Cabalgata Amigos de M\u00fazquiz a Sabinas\u201d, con el que se busca recrear aquel recorrido que se hizo por primera vez a finales de los a\u00f1os sesenta, abarcando los municipios de M\u00fazquiz, Nueva Rosita y Sabinas\u201d.<\/p>\n\n\n\n<p>Como nos compartieron los organizadores, expuso, este paseo a caballo es un antecedente de la Gran Cabalgata de Sabinas; tuvo otras ediciones en los a\u00f1os 80 hasta que se disolvi\u00f3 con el tiempo.<\/p>\n\n\n\n<p>Siguiendo el objetivo del gobernador Manolo Jim\u00e9nez el recuperar este recorrido se pretende tambi\u00e9n la creaci\u00f3n de un nuevo evento emblem\u00e1tico para la Regi\u00f3n Carbon\u00edfera, hacer que la vocaci\u00f3n de jinetes siga siendo un fuerte punto de uni\u00f3n entre sus municipios.<\/p>\n\n\n\n<p>A\u00f1adi\u00f3 que el objetivo es incentivar la ocupaci\u00f3n hotelera, impulsar el comercio local, beneficiar a los artesanos y restauranteros, enaltecer el orgullo de identidad y ofrecer una experiencia tur\u00edstica inolvidable para los participantes.<\/p>\n\n\n\n<p>Esta cabalgata suma a la preservaci\u00f3n de nuestras tradiciones al incluir a las etnias de los Negros Mascogos quienes compartir\u00e1n su deliciosa gastronom\u00eda y a los Kikap\u00fas que formar\u00e1n parte del contingente, destac\u00f3 la titular de SECTUR Estatal.<\/p>\n\n\n\n<p>\u201cLos invito a que sigamos unidos por nuestras tradiciones y vamos adelante a pasos de gigante\u201d, finaliz\u00f3.<\/p>\n\n\n\n<p>La bienvenida estuvo a cargo de la Alcaldesa de Sabinas, Diana Haro.<\/p>\n\n\n\n<p>Tambi\u00e9n asistieron H\u00e9ctor de la Garza, representante del Comit\u00e9 Organizador de la Cabalgata \u201cAmigos de Rosita a Sabinas\u201d; la subsecretaria de Turismo, Martha Moncada; la subsecretaria de Turismo en la Regi\u00f3n Carbon\u00edfera, Karina Trevi\u00f1o y Francisco Tob\u00edas, subsecretario de Gobierno en la Regi\u00f3n Carbon\u00edfera, entre otros.<\/p>\n","protected":false},"excerpt":{"rendered":"<p>Sabinas, Coahuila de Zaragoza; a 26 de agosto de 2024.- Poniendo en alto los valores y tradiciones de Coahuila que promueve el gobierno de Manolo Jim\u00e9nez Salinas,el pr\u00f3ximo 5 de septiembre se llevar\u00e1 a cabo la \u201cCabalgata Amigos\u201d que saldr\u00e1 del Pueblo M\u00e1gico de M\u00fazquiz para sumarse a la Gran Cabalgata Sabinas 2024 el s\u00e1bado [&hellip;]<\/p>\n","protected":false},"author":1,"featured_media":8885,"comment_status":"open","ping_status":"open","sticky":false,"template":"","format":"standard","meta":{"_monsterinsights_skip_tracking":false,"_monsterinsights_sitenote_active":false,"_monsterinsights_sitenote_note":"","_monsterinsights_sitenote_category":0,"footnotes":""},"categories":[1],"tags":[],"_links":{"self":[{"href":"https:\/\/zonalimitrofe-cbnr.com\/index.php\/wp-json\/wp\/v2\/posts\/8884"}],"collection":[{"href":"https:\/\/zonalimitrofe-cbnr.com\/index.php\/wp-json\/wp\/v2\/posts"}],"about":[{"href":"https:\/\/zonalimitrofe-cbnr.com\/index.php\/wp-json\/wp\/v2\/types\/post"}],"author":[{"embeddable":true,"href":"https:\/\/zonalimitrofe-cbnr.com\/index.php\/wp-json\/wp\/v2\/users\/1"}],"replies":[{"embeddable":true,"href":"https:\/\/zonalimitrofe-cbnr.com\/index.php\/wp-json\/wp\/v2\/comments?post=8884"}],"version-history":[{"count":1,"href":"https:\/\/zonalimitrofe-cbnr.com\/index.php\/wp-json\/wp\/v2\/posts\/8884\/revisions"}],"predecessor-version":[{"id":8886,"href":"https:\/\/zonalimitrofe-cbnr.com\/index.php\/wp-json\/wp\/v2\/posts\/8884\/revisions\/8886"}],"wp:featuredmedia":[{"embeddable":true,"href":"https:\/\/zonalimitrofe-cbnr.com\/index.php\/wp-json\/wp\/v2\/media\/8885"}],"wp:attachment":[{"href":"https:\/\/zonalimitrofe-cbnr.com\/index.php\/wp-json\/wp\/v2\/media?parent=8884"}],"wp:term":[{"taxonomy":"category","embeddable":true,"href":"https:\/\/zonalimitrofe-cbnr.com\/index.php\/wp-json\/wp\/v2\/categories?post=8884"},{"taxonomy":"post_tag","embeddable":true,"href":"https:\/\/zonalimitrofe-cbnr.com\/index.php\/wp-json\/wp\/v2\/tags?post=8884"}],"curies":[{"name":"wp","href":"https:\/\/api.w.org\/{rel}","templated":true}]}}