{"id":8881,"date":"2024-08-27T13:08:52","date_gmt":"2024-08-27T19:08:52","guid":{"rendered":"https:\/\/zonalimitrofe-cbnr.com\/?p=8881"},"modified":"2024-08-27T13:08:53","modified_gmt":"2024-08-27T19:08:53","slug":"durango-con-utiles-y-uniformes-escolares-gobierno-de-esteban-arranca-ciclo-escolar-en-la-laguna","status":"publish","type":"post","link":"https:\/\/zonalimitrofe-cbnr.com\/index.php\/2024\/08\/27\/durango-con-utiles-y-uniformes-escolares-gobierno-de-esteban-arranca-ciclo-escolar-en-la-laguna\/","title":{"rendered":"#Durango. CON \u00daTILES Y UNIFORMES ESCOLARES, GOBIERNO DE ESTEBAN ARRANCA CICLO ESCOLAR EN LA LAGUNA"},"content":{"rendered":"\n<ul>\n<li>Iniciamos cruzada contra el rezago educativo: Guillermo Adame<\/li>\n<\/ul>\n\n\n\n<p>Comarca Lagunera.- Con el objetivo de dar inicio oficial al ciclo escolar 2024-2025 en la regi\u00f3n Laguna de Durango, combatir el rezago educativo y promover la educaci\u00f3n art\u00edstica, el d\u00eda de hoy en representaci\u00f3n del gobernador, Esteban Villegas Villarreal estuvo el secretario de Educaci\u00f3n en el Estado de Durango, Guillermo Adame Calder\u00f3n en el acto protocolario llevado a cabo en la Escuela primaria 18 de Marzo B de G\u00f3mez Palacio, d\u00f3nde realizaron la entrega simb\u00f3lica de uniformes escolares, libros de texto y material did\u00e1ctico.<br>El secretario destac\u00f3, que la educaci\u00f3n ha sido un pilar importante en la pol\u00edtica p\u00fablica a los casi dos a\u00f1os de gobierno de Esteban Villegas Villarreal, quien se ha comprometido para generar las condiciones necesarias para que la entidad logre destacarse entre los cinco primeros lugares de aprovechamiento educativo en M\u00e9xico.<br>\u201cLa instrucci\u00f3n que nos dio el gobernador, el doctor Esteban Villegas Villarreal, fue ponernos las pilas mientras ustedes estaban de vacaciones en su receso escolar. Nosotros todos, miembros de la Secretar\u00eda de Educaci\u00f3n y del gabinete de Esteban Villegas, nos la pasamos acerc\u00e1ndoles los nuevos uniformes escolares, sus \u00fatiles escolares y sus libros de texto gratuitos\u201d<br>Indico, que la idea es que, desde los primeros d\u00edas de esta semana, arranquen todos con estos instrumentos y estas herramientas did\u00e1cticas que les hacen falta para el buen desarrollo acad\u00e9mico del ciclo escolar.<br>Las clases iniciaron el d\u00eda de hoy, sin embargo, durante la semana del 19 al 23 de agosto todos los supervisores, directores y docentes participaron en el Taller Intensivo de Formaci\u00f3n Continua, en el que trabajaron en torno a temas relevantes de la organizaci\u00f3n escolar.<br>Es el segundo a\u00f1o de implementaci\u00f3n del Plan y Programas de Estudio 2022, el gran desaf\u00edo es mejorar los aprendizajes de los estudiantes, problema identificado con el examen estandarizado estatal.<br>El ciclo escolar cuenta con 190 d\u00edas h\u00e1biles, Durango hizo un ajuste en los d\u00edas inh\u00e1biles por lo que difiere un poco del autorizado por la SEP; sin embargo, el inicio y fin del ciclo coincide con el nacional.<br>Como elemento central que enmarca el arranque el ciclo escolar, previo y durante protocolo del evento, se presentaron algunos n\u00fameros art\u00edsticos por alumnos de educaci\u00f3n b\u00e1sica, para hacer \u00e9nfasis en la importancia de la Educaci\u00f3n art\u00edstica en el desarrollo integral de los estudiantes, mismos que estuvieron a cargo de la Banda de M\u00fasica de la Escuela Primaria 18 de Marzo A, el Grupo de Danza Folkl\u00f3rica del Instituto 18 de Marzo y una presentaci\u00f3n de canto de la Esc. Sec. Melquiades Campos.<br>Una de las finalidades de este ciclo escolar, es que la Secretar\u00eda de Educaci\u00f3n P\u00fabica del Estado, a trav\u00e9s de la Subsecretar\u00eda impulse las \u00e1reas art\u00edsticas en las escuelas de educaci\u00f3n b\u00e1sica.<br>Estuvieron presentes autoridades representantes de los tres niveles de gobierno, como el subsecretario de Educaci\u00f3n en la regi\u00f3n Laguna, Fernando Ulises Adame de Le\u00f3n; el comandante del 72 Batall\u00f3n de Infanter\u00eda el coronel, Fernando Rosas Clemente; el Magistrado Gerardo Lara P\u00e9rez, entre otras autoridades educativas de la regi\u00f3n Laguna de Durango.<\/p>\n","protected":false},"excerpt":{"rendered":"<p>Comarca Lagunera.- Con el objetivo de dar inicio oficial al ciclo escolar 2024-2025 en la regi\u00f3n Laguna de Durango, combatir el rezago educativo y promover la educaci\u00f3n art\u00edstica, el d\u00eda de hoy en representaci\u00f3n del gobernador, Esteban Villegas Villarreal estuvo el secretario de Educaci\u00f3n en el Estado de Durango, Guillermo Adame Calder\u00f3n en el acto [&hellip;]<\/p>\n","protected":false},"author":1,"featured_media":8882,"comment_status":"open","ping_status":"open","sticky":false,"template":"","format":"standard","meta":{"_monsterinsights_skip_tracking":false,"_monsterinsights_sitenote_active":false,"_monsterinsights_sitenote_note":"","_monsterinsights_sitenote_category":0,"footnotes":""},"categories":[1],"tags":[],"_links":{"self":[{"href":"https:\/\/zonalimitrofe-cbnr.com\/index.php\/wp-json\/wp\/v2\/posts\/8881"}],"collection":[{"href":"https:\/\/zonalimitrofe-cbnr.com\/index.php\/wp-json\/wp\/v2\/posts"}],"about":[{"href":"https:\/\/zonalimitrofe-cbnr.com\/index.php\/wp-json\/wp\/v2\/types\/post"}],"author":[{"embeddable":true,"href":"https:\/\/zonalimitrofe-cbnr.com\/index.php\/wp-json\/wp\/v2\/users\/1"}],"replies":[{"embeddable":true,"href":"https:\/\/zonalimitrofe-cbnr.com\/index.php\/wp-json\/wp\/v2\/comments?post=8881"}],"version-history":[{"count":1,"href":"https:\/\/zonalimitrofe-cbnr.com\/index.php\/wp-json\/wp\/v2\/posts\/8881\/revisions"}],"predecessor-version":[{"id":8883,"href":"https:\/\/zonalimitrofe-cbnr.com\/index.php\/wp-json\/wp\/v2\/posts\/8881\/revisions\/8883"}],"wp:featuredmedia":[{"embeddable":true,"href":"https:\/\/zonalimitrofe-cbnr.com\/index.php\/wp-json\/wp\/v2\/media\/8882"}],"wp:attachment":[{"href":"https:\/\/zonalimitrofe-cbnr.com\/index.php\/wp-json\/wp\/v2\/media?parent=8881"}],"wp:term":[{"taxonomy":"category","embeddable":true,"href":"https:\/\/zonalimitrofe-cbnr.com\/index.php\/wp-json\/wp\/v2\/categories?post=8881"},{"taxonomy":"post_tag","embeddable":true,"href":"https:\/\/zonalimitrofe-cbnr.com\/index.php\/wp-json\/wp\/v2\/tags?post=8881"}],"curies":[{"name":"wp","href":"https:\/\/api.w.org\/{rel}","templated":true}]}}