{"id":8856,"date":"2024-08-26T15:04:15","date_gmt":"2024-08-26T21:04:15","guid":{"rendered":"https:\/\/zonalimitrofe-cbnr.com\/?p=8856"},"modified":"2024-08-26T15:04:15","modified_gmt":"2024-08-26T21:04:15","slug":"durango-con-uniformes-y-utiles-escolares-gratuitos-arrancan-marisol-y-esteban-el-ciclo-escolar-2024-2025","status":"publish","type":"post","link":"https:\/\/zonalimitrofe-cbnr.com\/index.php\/2024\/08\/26\/durango-con-uniformes-y-utiles-escolares-gratuitos-arrancan-marisol-y-esteban-el-ciclo-escolar-2024-2025\/","title":{"rendered":"#Durango. Con uniformes y \u00fatiles escolares gratuitos, arrancan Marisol y Esteban el ciclo escolar 2024-2025*"},"content":{"rendered":"\n<ul>\n<li><em>Regresan a las aulas 380 mil alumnos en 5 mil escuelas de todo Durango.<\/em><\/li>\n<\/ul>\n\n\n\n<p><em>\u2022 \u201cLos uniformes ya nadie se los va a quitar porque ya est\u00e1n en la Constituci\u00f3n\u201d: Esteban.<\/em><\/p>\n\n\n\n<ul>\n<li><em>Agradecen alumnos por volver a la escuela con instalaciones dignas.<\/em><\/li>\n<\/ul>\n\n\n\n<p>Con uniformes y \u00fatiles escolares gratuitos, 380 mil ni\u00f1as, ni\u00f1os y j\u00f3venes, regresaron a clases este lunes en Durango, donde el gobernador Esteban Villegas Villarreal y su esposa Marisol Rosso los acompa\u00f1aron en el arranque de Ciclo Escolar 2024-2025 en la escuela primaria Miguel Hidalgo del poblado El Nayar.<\/p>\n\n\n\n<p>\u201cUstedes deben de so\u00f1ar en grande\u201d, les dijo el Mandatario a los estudiantes duranguenses al hacer entrega junto al presidente municipal Antonio Ochoa, de kits de uniformes y \u00fatiles escolares, les asegur\u00f3 que estos llegaron para quedarse, ya nadie se los podr\u00e1 quitar, pero lo m\u00e1s importante, es la igualdad que les dar\u00e1n en los salones de clase.<\/p>\n\n\n\n<p>La alumna Luisa Monta\u00f1ez Rodr\u00edguez, a nombre de sus compa\u00f1eros agradeci\u00f3 al Gobernador por el apoyo a todas las escuelas del estado, mencion\u00f3 que los alumnos de la escuela primaria M\u00edguel Hidalgo, est\u00e1n muy complacidos porque en su plantel hicieron mejoras en pintura, banquetas da\u00f1adas, piso en cinco salones y limpieza general, lo cual, los alienta a regresar felices en este nuevo ciclo escolar;\u201ces muy bonito llegar a tu escuela y ver cu\u00e1nto ha mejorado, saber que nuestro gobierno respalda la educaci\u00f3n nos reafirma que la persona correcta representa a nuestro estado\u201d, a\u00f1adi\u00f3.<\/p>\n\n\n\n<p>Este ciclo escolar tiene tres nuevos componentes, uno de ellos es la instrucci\u00f3n del Gobernador, que desde los primeros d\u00edas de clases los alumnos cuenten con libros de texto gratuitos, \u00fatiles escolares y uniformes, el gabinete los est\u00e1 entregando en todo el estado durante esta semana, indic\u00f3 el titular de la Secretar\u00eda de Educaci\u00f3n, Guillermo Adame Calder\u00f3n.<\/p>\n\n\n\n<p>Les pidi\u00f3 a los padres de familia que se sumen a la lucha de retirarles a los estudiantes los celulares, y a los maestros de nivel primaria, les inform\u00f3 que se restringir\u00e1 el uso de estos aparatos en el aula, ya que es importante para su desarrollo acad\u00e9mico, ya que record\u00f3 que en abril se aplic\u00f3 un examen al 100 por ciento de alumnos de primaria y secundaria, donde los resultados no fueron los mejores, es por eso, que se iniciar\u00e1 una cruzada de recuperaci\u00f3n acad\u00e9mica, para recuperar los contenidos que les hacen falta y pronto ser uno de los primeros lugares en el pa\u00eds, culmin\u00f3.<\/p>\n\n\n\n<p>\u201cDisfruten sus libros de texto, donde encontrar\u00e1n proyectos interesantes y divertidos, dibujos coloridos e im\u00e1genes que los invitan a ser solidarios, respetuosos y valorar el conocimiento cient\u00edfico, la dignidad de las personas y el cuidado de la naturaleza\u201d, expres\u00f3 Mar\u00eda del Carmen Salvatori, directora General de Acreditaci\u00f3n, Incorporaci\u00f3n y Revalidaci\u00f3n, al dar un mensaje de apoyo y reconocimiento en representaci\u00f3n de la secretaria de Educaci\u00f3n P\u00fablica, Leticia Ram\u00edrez Amaya.<\/p>\n\n\n\n<p>Durante el arranque del Ciclo Escolar 2024-2025, los presentes disfrutaron de una muestra de actividad art\u00edstica de los alumnos que pertenecen a la Orquesta Infantil y Juvenil de la SEED, la cual surge del programa de Atenci\u00f3n a Ni\u00f1os con Aptitudes Sobresalientes y Talentos Espec\u00edficos del Departamento de Educaci\u00f3n Especial.<\/p>\n\n\n\n<p>Cabe mencionar que el Gobierno Estatal tambi\u00e9n priorizar\u00e1 en este nuevo ciclo, estrategias como la Escuela de Verano, Aulas interactivas Digitales (EDUCAV), Clave \u00danica de Registro Acad\u00e9mico (CURA), ROBOTIX, Inteligencia artificial en la planeaci\u00f3n did\u00e1ctica, Escuela para Padres, infraestructura educativa y equipamiento escolar.<\/p>\n","protected":false},"excerpt":{"rendered":"<p>\u2022 \u201cLos uniformes ya nadie se los va a quitar porque ya est\u00e1n en la Constituci\u00f3n\u201d: Esteban. Con uniformes y \u00fatiles escolares gratuitos, 380 mil ni\u00f1as, ni\u00f1os y j\u00f3venes, regresaron a clases este lunes en Durango, donde el gobernador Esteban Villegas Villarreal y su esposa Marisol Rosso los acompa\u00f1aron en el arranque de Ciclo Escolar [&hellip;]<\/p>\n","protected":false},"author":1,"featured_media":8857,"comment_status":"open","ping_status":"open","sticky":false,"template":"","format":"standard","meta":{"_monsterinsights_skip_tracking":false,"_monsterinsights_sitenote_active":false,"_monsterinsights_sitenote_note":"","_monsterinsights_sitenote_category":0,"footnotes":""},"categories":[1],"tags":[],"_links":{"self":[{"href":"https:\/\/zonalimitrofe-cbnr.com\/index.php\/wp-json\/wp\/v2\/posts\/8856"}],"collection":[{"href":"https:\/\/zonalimitrofe-cbnr.com\/index.php\/wp-json\/wp\/v2\/posts"}],"about":[{"href":"https:\/\/zonalimitrofe-cbnr.com\/index.php\/wp-json\/wp\/v2\/types\/post"}],"author":[{"embeddable":true,"href":"https:\/\/zonalimitrofe-cbnr.com\/index.php\/wp-json\/wp\/v2\/users\/1"}],"replies":[{"embeddable":true,"href":"https:\/\/zonalimitrofe-cbnr.com\/index.php\/wp-json\/wp\/v2\/comments?post=8856"}],"version-history":[{"count":1,"href":"https:\/\/zonalimitrofe-cbnr.com\/index.php\/wp-json\/wp\/v2\/posts\/8856\/revisions"}],"predecessor-version":[{"id":8858,"href":"https:\/\/zonalimitrofe-cbnr.com\/index.php\/wp-json\/wp\/v2\/posts\/8856\/revisions\/8858"}],"wp:featuredmedia":[{"embeddable":true,"href":"https:\/\/zonalimitrofe-cbnr.com\/index.php\/wp-json\/wp\/v2\/media\/8857"}],"wp:attachment":[{"href":"https:\/\/zonalimitrofe-cbnr.com\/index.php\/wp-json\/wp\/v2\/media?parent=8856"}],"wp:term":[{"taxonomy":"category","embeddable":true,"href":"https:\/\/zonalimitrofe-cbnr.com\/index.php\/wp-json\/wp\/v2\/categories?post=8856"},{"taxonomy":"post_tag","embeddable":true,"href":"https:\/\/zonalimitrofe-cbnr.com\/index.php\/wp-json\/wp\/v2\/tags?post=8856"}],"curies":[{"name":"wp","href":"https:\/\/api.w.org\/{rel}","templated":true}]}}