{"id":8846,"date":"2024-08-26T14:54:18","date_gmt":"2024-08-26T20:54:18","guid":{"rendered":"https:\/\/zonalimitrofe-cbnr.com\/?p=8846"},"modified":"2024-08-26T14:54:19","modified_gmt":"2024-08-26T20:54:19","slug":"torreon-roman-alberto-cepeda-gonzalez-arranca-el-ciclo-escolar-2024-2025en-torreon","status":"publish","type":"post","link":"https:\/\/zonalimitrofe-cbnr.com\/index.php\/2024\/08\/26\/torreon-roman-alberto-cepeda-gonzalez-arranca-el-ciclo-escolar-2024-2025en-torreon\/","title":{"rendered":"#Torre\u00f3n. Rom\u00e1n Alberto Cepeda Gonz\u00e1lez arranca el ciclo escolar 2024-2025en Torre\u00f3n"},"content":{"rendered":"\n<p>Torre\u00f3n, Coahuila. A 26 de agosto de 2024.<\/p>\n\n\n\n<p>&nbsp;<br>El alcalde Rom\u00e1n Alberto Cepeda Gonz\u00e1lez presidi\u00f3 en Torre\u00f3n, la ceremonia del nuevo ciclo escolar 2024-2025, en la escuela primaria Gustavo D\u00edaz Ordaz, en donde adem\u00e1s se entregaron paquetes de libros de texto y \u00fatiles escolares por parte del Gobierno del Estado.<br>&nbsp;<br>El Presidente Municipal dio la bienvenida a los cerca de 200 mil alumnos y 12 mil docentes de La Laguna de Coahuila, que este lunes regresaron a 850 escuelas de educaci\u00f3n b\u00e1sica.<br>&nbsp;<br>\u201cEs un honor arrancar el ciclo escolar en Torre\u00f3n, en representaci\u00f3n de toda la Laguna de Coahuila que simult\u00e1neamente, el Gobernador Manolo Jim\u00e9nez est\u00e1 haciendo lo mismo en Piedras Negras\u201d, mencion\u00f3.<br>&nbsp;<br>En su mensaje, el Alcalde destac\u00f3 la importancia de la educaci\u00f3n, la formaci\u00f3n y los valores como apuesta al futuro del pa\u00eds.<br>&nbsp;<br>\u201cApostarle a la seguridad, a la atracci\u00f3n de inversiones, la cultura y el arte, es importante, pero la educaci\u00f3n es el presente y el futuro no solamente de Torre\u00f3n sino de La laguna, Coahuila y M\u00e9xico. Quienes nacimos y habitamos en esta tierra sabemos que con educaci\u00f3n, con valores, con formaci\u00f3n, con compa\u00f1erismo, se forjan los mejores liderazgos en materia empresarial, pol\u00edtica, deportiva, cultural y en todos los \u00e1mbitos\u201d, dijo el edil.<br>&nbsp;<br>Rom\u00e1n Alberto Cepeda Gonz\u00e1lez hizo extensivo el compromiso por la educaci\u00f3n a todos los \u00f3rdenes de Gobierno, y a las autoridades del sector educativo.<br>&nbsp;<br>\u201cEs importante no solamente que estemos aqu\u00ed las autoridades de los \u00f3rdenes de Gobierno y sindicales, sino tambi\u00e9n quienes hoy dirigen el sector educativo, y que desde su trinchera hacen cada uno lo mejor posible por formar a los l\u00edderes del futuro. No tengo duda, que este inicio escolar ser\u00e1 emblem\u00e1tico y uno de los muchos que habremos de iniciar junto con ustedes, con una nueva esperanza de seguir tenido un Torre\u00f3n m\u00e1s justo y m\u00e1s educado, porque si queremos un mejor M\u00e9xico hay que apostar a la educaci\u00f3n\u201d, resalt\u00f3.<\/p>\n","protected":false},"excerpt":{"rendered":"<p>Torre\u00f3n, Coahuila. A 26 de agosto de 2024. &nbsp;El alcalde Rom\u00e1n Alberto Cepeda Gonz\u00e1lez presidi\u00f3 en Torre\u00f3n, la ceremonia del nuevo ciclo escolar 2024-2025, en la escuela primaria Gustavo D\u00edaz Ordaz, en donde adem\u00e1s se entregaron paquetes de libros de texto y \u00fatiles escolares por parte del Gobierno del Estado.&nbsp;El Presidente Municipal dio la bienvenida [&hellip;]<\/p>\n","protected":false},"author":1,"featured_media":8847,"comment_status":"open","ping_status":"open","sticky":false,"template":"","format":"standard","meta":{"_monsterinsights_skip_tracking":false,"_monsterinsights_sitenote_active":false,"_monsterinsights_sitenote_note":"","_monsterinsights_sitenote_category":0,"footnotes":""},"categories":[1],"tags":[],"_links":{"self":[{"href":"https:\/\/zonalimitrofe-cbnr.com\/index.php\/wp-json\/wp\/v2\/posts\/8846"}],"collection":[{"href":"https:\/\/zonalimitrofe-cbnr.com\/index.php\/wp-json\/wp\/v2\/posts"}],"about":[{"href":"https:\/\/zonalimitrofe-cbnr.com\/index.php\/wp-json\/wp\/v2\/types\/post"}],"author":[{"embeddable":true,"href":"https:\/\/zonalimitrofe-cbnr.com\/index.php\/wp-json\/wp\/v2\/users\/1"}],"replies":[{"embeddable":true,"href":"https:\/\/zonalimitrofe-cbnr.com\/index.php\/wp-json\/wp\/v2\/comments?post=8846"}],"version-history":[{"count":1,"href":"https:\/\/zonalimitrofe-cbnr.com\/index.php\/wp-json\/wp\/v2\/posts\/8846\/revisions"}],"predecessor-version":[{"id":8848,"href":"https:\/\/zonalimitrofe-cbnr.com\/index.php\/wp-json\/wp\/v2\/posts\/8846\/revisions\/8848"}],"wp:featuredmedia":[{"embeddable":true,"href":"https:\/\/zonalimitrofe-cbnr.com\/index.php\/wp-json\/wp\/v2\/media\/8847"}],"wp:attachment":[{"href":"https:\/\/zonalimitrofe-cbnr.com\/index.php\/wp-json\/wp\/v2\/media?parent=8846"}],"wp:term":[{"taxonomy":"category","embeddable":true,"href":"https:\/\/zonalimitrofe-cbnr.com\/index.php\/wp-json\/wp\/v2\/categories?post=8846"},{"taxonomy":"post_tag","embeddable":true,"href":"https:\/\/zonalimitrofe-cbnr.com\/index.php\/wp-json\/wp\/v2\/tags?post=8846"}],"curies":[{"name":"wp","href":"https:\/\/api.w.org\/{rel}","templated":true}]}}