{"id":8829,"date":"2024-08-26T14:34:23","date_gmt":"2024-08-26T20:34:23","guid":{"rendered":"https:\/\/zonalimitrofe-cbnr.com\/?p=8829"},"modified":"2024-08-26T14:34:23","modified_gmt":"2024-08-26T20:34:23","slug":"coahuila-manolo-arranca-entrega-de-mas-de-500-mil-paquetes-de-utiles-escolares","status":"publish","type":"post","link":"https:\/\/zonalimitrofe-cbnr.com\/index.php\/2024\/08\/26\/coahuila-manolo-arranca-entrega-de-mas-de-500-mil-paquetes-de-utiles-escolares\/","title":{"rendered":"#Coahuila. MANOLO ARRANCA ENTREGA DE M\u00c1S DE 500 MIL PAQUETES DE \u00daTILES ESCOLARES"},"content":{"rendered":"\n<p>Saltillo, Coahuila de Zaragoza; a 26 de agosto de 2024.- A partir de este lunes y junto con el arranque del ciclo escolar 2024-2025, el Gobierno de Coahuila iniciar\u00e1 con la entrega de \u00fatiles escolares de manera gratuita a m\u00e1s de 500 mil ni\u00f1as, ni\u00f1os y adolescentes de educaci\u00f3n b\u00e1sica en todas las regiones de la entidad.<\/p>\n\n\n\n<p>El gobernador Manolo Jim\u00e9nez Salinas, junto a los integrantes de su Gabinete, pondr\u00e1n en marcha el ciclo escolar de manera simult\u00e1nea en todas las regiones del Estado, en donde har\u00e1n entrega de los primeros paquetes de \u00fatiles escolares a alumnos de educaci\u00f3n inicial, preescolar, primeria y secundaria.<\/p>\n\n\n\n<p>Manolo Jim\u00e9nez se\u00f1al\u00f3 que desde hace unas semanas, su administraci\u00f3n se ha estado preparando para el arranque del ciclo escolar, y record\u00f3 que iniciaron con la presentaci\u00f3n del gran Proyecto Impulso Educativo, con el que se detonar\u00e1n programas, acciones y obras para bien de la educaci\u00f3n en Coahuila.<\/p>\n\n\n\n<p>Inform\u00f3 que este lunes abrir\u00e1n sus puertas m\u00e1s de cuatro mil 700 centros escolares, y m\u00e1s de 31 mil 700 docentes recibir\u00e1n a los alumnos y alumnas de educaci\u00f3n b\u00e1sica.<\/p>\n\n\n\n<p>\u201cEstamos listos para el primer d\u00eda de clases donde estaremos, junto a nuestro equipo de trabajo, arrancando este ciclo escolar en varias escuelas y tambi\u00e9n iniciamos con la entrega de \u00fatiles escolares para alumnos de inicial, preescolar, primaria y secundaria de nuestras escuelas p\u00fablicas\u201d, mencion\u00f3.<\/p>\n\n\n\n<p>El Mandatario estatal record\u00f3 que la Estrategia en Educaci\u00f3n \u201cImpulso Educativo\u201d fue construida como medio de respuesta al llamado compartido de fortalecer de forma prioritaria nuestra educaci\u00f3n, como basti\u00f3n fundamental del desarrollo sostenido de nuestro Estado.<\/p>\n\n\n\n<p>Coment\u00f3 que los 10 ejes estrat\u00e9gicos que lo conforman son Liderazgo Educativo, Aprendizajes Esenciales, Educaci\u00f3n Global (Ingl\u00e9s), Educaci\u00f3n Socioemocional, Infraestructura Educativa, Formaci\u00f3n Ciudadana, Desarrollo Tecnol\u00f3gico, Deporte y Nutrici\u00f3n, Equidad Educativa, y Fortalecimiento Institucional.<\/p>\n\n\n\n<p>Jim\u00e9nez Salinas dese\u00f3 \u00e9xito a las y los docentes, directivos, personal administrativo y de apoyo, as\u00ed como a padres y madres de familia, en este nuevo ciclo escolar que est\u00e1 arrancando.<\/p>\n\n\n\n<p>\u201c\u00c9chenle muchas ganas a la escuela, estamos con ustedes; vamos todas y todos juntos pa`delante a pasos de gigante\u201d, mencion\u00f3 el gobernador Manolo Jim\u00e9nez Salinas.<\/p>\n","protected":false},"excerpt":{"rendered":"<p>Saltillo, Coahuila de Zaragoza; a 26 de agosto de 2024.- A partir de este lunes y junto con el arranque del ciclo escolar 2024-2025, el Gobierno de Coahuila iniciar\u00e1 con la entrega de \u00fatiles escolares de manera gratuita a m\u00e1s de 500 mil ni\u00f1as, ni\u00f1os y adolescentes de educaci\u00f3n b\u00e1sica en todas las regiones de [&hellip;]<\/p>\n","protected":false},"author":1,"featured_media":8830,"comment_status":"open","ping_status":"open","sticky":false,"template":"","format":"standard","meta":{"_monsterinsights_skip_tracking":false,"_monsterinsights_sitenote_active":false,"_monsterinsights_sitenote_note":"","_monsterinsights_sitenote_category":0,"footnotes":""},"categories":[1],"tags":[],"_links":{"self":[{"href":"https:\/\/zonalimitrofe-cbnr.com\/index.php\/wp-json\/wp\/v2\/posts\/8829"}],"collection":[{"href":"https:\/\/zonalimitrofe-cbnr.com\/index.php\/wp-json\/wp\/v2\/posts"}],"about":[{"href":"https:\/\/zonalimitrofe-cbnr.com\/index.php\/wp-json\/wp\/v2\/types\/post"}],"author":[{"embeddable":true,"href":"https:\/\/zonalimitrofe-cbnr.com\/index.php\/wp-json\/wp\/v2\/users\/1"}],"replies":[{"embeddable":true,"href":"https:\/\/zonalimitrofe-cbnr.com\/index.php\/wp-json\/wp\/v2\/comments?post=8829"}],"version-history":[{"count":1,"href":"https:\/\/zonalimitrofe-cbnr.com\/index.php\/wp-json\/wp\/v2\/posts\/8829\/revisions"}],"predecessor-version":[{"id":8831,"href":"https:\/\/zonalimitrofe-cbnr.com\/index.php\/wp-json\/wp\/v2\/posts\/8829\/revisions\/8831"}],"wp:featuredmedia":[{"embeddable":true,"href":"https:\/\/zonalimitrofe-cbnr.com\/index.php\/wp-json\/wp\/v2\/media\/8830"}],"wp:attachment":[{"href":"https:\/\/zonalimitrofe-cbnr.com\/index.php\/wp-json\/wp\/v2\/media?parent=8829"}],"wp:term":[{"taxonomy":"category","embeddable":true,"href":"https:\/\/zonalimitrofe-cbnr.com\/index.php\/wp-json\/wp\/v2\/categories?post=8829"},{"taxonomy":"post_tag","embeddable":true,"href":"https:\/\/zonalimitrofe-cbnr.com\/index.php\/wp-json\/wp\/v2\/tags?post=8829"}],"curies":[{"name":"wp","href":"https:\/\/api.w.org\/{rel}","templated":true}]}}