{"id":8817,"date":"2024-08-25T16:38:21","date_gmt":"2024-08-25T22:38:21","guid":{"rendered":"https:\/\/zonalimitrofe-cbnr.com\/?p=8817"},"modified":"2024-08-25T16:38:21","modified_gmt":"2024-08-25T22:38:21","slug":"durango-suenos-y-sonrisas-con-la-campana-gratuita-de-protesis-oculares-impulsada-por-el-dif-estatal","status":"publish","type":"post","link":"https:\/\/zonalimitrofe-cbnr.com\/index.php\/2024\/08\/25\/durango-suenos-y-sonrisas-con-la-campana-gratuita-de-protesis-oculares-impulsada-por-el-dif-estatal\/","title":{"rendered":"#Durango. Sue\u00f1os y sonrisas con la campa\u00f1a Gratuita de Pr\u00f3tesis Oculares, impulsada por el DIF estatal*"},"content":{"rendered":"\n<ul>\n<li><em>M\u00e1s de 80 personas que por alguna circunstancia no cuentan con alguno de sus ojos fueron favorecidas con este programa de cobertura estatal: Marisol Rosso.<\/em><\/li>\n\n\n\n<li><em>\u201cNos han regalado esperanza, dignidad y la posibilidad de un nuevo comienzo a quienes en alg\u00fan momento cre\u00edmos que no recuperar\u00edamos nuestra integridad\u201d: beneficiaria.<\/em><\/li>\n<\/ul>\n\n\n\n<p>M\u00e1s de 80 personas de diferentes municipios de Durango tuvieron la oportunidad de cambiar su vida a trav\u00e9s de la Campa\u00f1a Gratuita de Pr\u00f3tesis Oculares, una ayuda que va m\u00e1s all\u00e1 de la salud est\u00e9tica de los beneficiarios, representa sue\u00f1os y sonrisas devueltos.<\/p>\n\n\n\n<p>Marisol Rosso Rivera, presidenta de DIF Estatal, record\u00f3 que hace nueve a\u00f1os, aqu\u00ed no se ten\u00eda la oportunidad de contar con este beneficio; no obstante, cuando el hoy gobernador Esteban Villegas Villarreal fue presidente municipal de la capital, hubo un acercamiento con m\u00e9dicos de la UNAM, comprometidos con esta \u00e1rea de la salud, dispuestos a trabajar por su gente.<\/p>\n\n\n\n<p>La paciente Alejandra Hern\u00e1ndez Torres comparti\u00f3 un emotivo mensaje de agradecimiento, a nombre de todos los que son favorecidos con esta campa\u00f1a, al mencionar que cuando alguien pierde un ojo no solamente enfrenta un cambio f\u00edsico, sino una herida profunda en el alma.<\/p>\n\n\n\n<p>\u201cEs un desaf\u00edo reconocerse nuevamente frente a un espejo y afrontar a un mundo que no te ver\u00e1 de igual manera, un mundo que tal vez no pueda aceptarte. Pero ahora, nos han regalado esperanza, dignidad y la posibilidad de un nuevo comienzo a quienes en alg\u00fan momento cre\u00edmos que no recuperar\u00edamos nuestra integridad\u201d, expuso.<\/p>\n\n\n\n<p>Manifest\u00f3 que con este tipo de acciones se demuestra que un l\u00edder comprometido es el que pone su coraz\u00f3n en las causas m\u00e1s sentidas, en favor de las personas que m\u00e1s atenci\u00f3n necesitan.<\/p>\n\n\n\n<p>\u201cSe\u00f1ora Marisol, cada pr\u00f3tesis entregada es un faro de luz y esperanza, es un recordatorio de que nunca debemos rendirnos, sin importar que tan duros sean los tiempos. No hay palabras suficientes para agradecer que Dios haya puesto en nuestro camino a personas tan maravillosas y de buen coraz\u00f3n como usted y su equipo de trabajo\u201d, dijo.<\/p>\n\n\n\n<p>Mientras tanto, Rosso Rivera reconoci\u00f3 el trabajo del equipo m\u00e9dico y dem\u00e1s personal, a quienes calific\u00f3 como \u201c\u00e1ngeles con alas en el coraz\u00f3n\u201d quienes hacen posible que se lleven a cabo estas acciones de gran impacto en las personas beneficiarias, como tambi\u00e9n lo expres\u00f3 Alejandra.<\/p>\n\n\n\n<p>\u201c\u00a1Son esperanzas las que trabajamos en DIF Estatal! Quiero agradecer a las familias que vienen de los diferentes municipios, por el esfuerzo que hacen de venir a la capital y la confianza que han depositado en nosotros, en el Gobierno de Durango, en donde se trabaja con valor y con mucho coraz\u00f3n\u201d, refiri\u00f3.<\/p>\n\n\n\n<p>Por su parte, Alejandro Benavides R\u00edos, coordinador del Programa Extramuros de Pr\u00f3tesis Ocular de la UNAM, declar\u00f3 que la labor que realizan es una forma de retribuir a la sociedad la oportunidad de haberse formado en la Universidad Nacional Aut\u00f3noma de M\u00e9xico (UNAM), la m\u00e1xima casa de estudios en el pa\u00eds.<\/p>\n","protected":false},"excerpt":{"rendered":"<p>M\u00e1s de 80 personas de diferentes municipios de Durango tuvieron la oportunidad de cambiar su vida a trav\u00e9s de la Campa\u00f1a Gratuita de Pr\u00f3tesis Oculares, una ayuda que va m\u00e1s all\u00e1 de la salud est\u00e9tica de los beneficiarios, representa sue\u00f1os y sonrisas devueltos. Marisol Rosso Rivera, presidenta de DIF Estatal, record\u00f3 que hace nueve a\u00f1os, [&hellip;]<\/p>\n","protected":false},"author":1,"featured_media":8818,"comment_status":"open","ping_status":"open","sticky":false,"template":"","format":"standard","meta":{"_monsterinsights_skip_tracking":false,"_monsterinsights_sitenote_active":false,"_monsterinsights_sitenote_note":"","_monsterinsights_sitenote_category":0,"footnotes":""},"categories":[1],"tags":[],"_links":{"self":[{"href":"https:\/\/zonalimitrofe-cbnr.com\/index.php\/wp-json\/wp\/v2\/posts\/8817"}],"collection":[{"href":"https:\/\/zonalimitrofe-cbnr.com\/index.php\/wp-json\/wp\/v2\/posts"}],"about":[{"href":"https:\/\/zonalimitrofe-cbnr.com\/index.php\/wp-json\/wp\/v2\/types\/post"}],"author":[{"embeddable":true,"href":"https:\/\/zonalimitrofe-cbnr.com\/index.php\/wp-json\/wp\/v2\/users\/1"}],"replies":[{"embeddable":true,"href":"https:\/\/zonalimitrofe-cbnr.com\/index.php\/wp-json\/wp\/v2\/comments?post=8817"}],"version-history":[{"count":1,"href":"https:\/\/zonalimitrofe-cbnr.com\/index.php\/wp-json\/wp\/v2\/posts\/8817\/revisions"}],"predecessor-version":[{"id":8819,"href":"https:\/\/zonalimitrofe-cbnr.com\/index.php\/wp-json\/wp\/v2\/posts\/8817\/revisions\/8819"}],"wp:featuredmedia":[{"embeddable":true,"href":"https:\/\/zonalimitrofe-cbnr.com\/index.php\/wp-json\/wp\/v2\/media\/8818"}],"wp:attachment":[{"href":"https:\/\/zonalimitrofe-cbnr.com\/index.php\/wp-json\/wp\/v2\/media?parent=8817"}],"wp:term":[{"taxonomy":"category","embeddable":true,"href":"https:\/\/zonalimitrofe-cbnr.com\/index.php\/wp-json\/wp\/v2\/categories?post=8817"},{"taxonomy":"post_tag","embeddable":true,"href":"https:\/\/zonalimitrofe-cbnr.com\/index.php\/wp-json\/wp\/v2\/tags?post=8817"}],"curies":[{"name":"wp","href":"https:\/\/api.w.org\/{rel}","templated":true}]}}