{"id":8805,"date":"2024-08-25T16:25:36","date_gmt":"2024-08-25T22:25:36","guid":{"rendered":"https:\/\/zonalimitrofe-cbnr.com\/?p=8805"},"modified":"2024-08-25T16:25:37","modified_gmt":"2024-08-25T22:25:37","slug":"durango-es-usted-un-hombre-que-cumple-su-palabra-agradece-esteban-a-amlo-entrega-de-segunda-etapa-de-agua-saludable-para-la-laguna","status":"publish","type":"post","link":"https:\/\/zonalimitrofe-cbnr.com\/index.php\/2024\/08\/25\/durango-es-usted-un-hombre-que-cumple-su-palabra-agradece-esteban-a-amlo-entrega-de-segunda-etapa-de-agua-saludable-para-la-laguna\/","title":{"rendered":"#Durango. \u201dEs usted un hombre que cumple su palabra\u201d; agradece Esteban a AMLO entrega de segunda etapa de Agua Saludable para La Laguna*"},"content":{"rendered":"\n<ul>\n<li><em>En presencia de Claudia Sheinbaum, presidenta electa de M\u00e9xico, el gobernador de Durango destac\u00f3 que con este proyecto se pone fin al problema de ars\u00e9nico en el agua de la regi\u00f3n.<\/em><\/li>\n\n\n\n<li><em>\u201cEsteban y Manolo se portaron a la altura de las circunstancias, nos pusimos de acuerdo entre todos para dar resultados\u201d: Andr\u00e9s Manuel L\u00f3pez Obrador.<\/em><\/li>\n\n\n\n<li><em>Trabajar\u00e9 por el bien del pueblo de Durango y Coahuila, dar\u00e9 continuidad a los principios del presidente y su gobierno de manera justa, humanista y con resultados: Claudia Sheinbaum.<\/em><\/li>\n<\/ul>\n\n\n\n<p><em>Sapioriz, Lerdo, Dgo.-<\/em> \u201cHoy estamos transformando un gran sue\u00f1o en realidad, le estamos dando agua limpia y sustentable a los laguneros, le estamos dando un seguro de vida a nuestros hijos\u201d, expres\u00f3 el gobernador Esteban Villegas Villarreal al entregar junto al presidente de la Rep\u00fablica Andr\u00e9s Manuel L\u00f3pez Obrador, la presidenta electa Claudia Sheinbaum y el Mandatario Estatal de Coahuila, Manolo Jim\u00e9nez, la segunda etapa de Agua Saludable para La Laguna.<\/p>\n\n\n\n<p>Ante la presencia de funcionarios federales, estatales, el pueblo de Durango y Coahuila, el gobernador duranguense agradeci\u00f3 el apoyo de AMLO para por fin controlar y solucionar el problema del ars\u00e9nico en el agua, que durante a\u00f1os ha sufrido esta regi\u00f3n; \u201custed es un hombre que cumple y su palabra ha sido siempre nuestra esperanza\u201d, destac\u00f3 al reconocer tambi\u00e9n sus muestras de amor y responsabilidad hacia la entidad duranguense.<\/p>\n\n\n\n<p>\u201cPresidente, c\u00f3mo me hubiera gustado conocerlo antes para trabajar m\u00e1s tiempo con usted e impulsar lo que hemos impulsado hasta el d\u00eda de hoy\u201d, sostuvo Esteban Villegas quien dijo estar convencido que el futuro de Durango ser\u00e1 a\u00fan m\u00e1s brillante, ahora con el liderazgo de la presidenta electa Claudia Sheinbaum, primera mujer en gobernar el pa\u00eds.<\/p>\n\n\n\n<p>Al develar la placa inaugural de esta importante obra, el Presidente de M\u00e9xico, Andr\u00e9s Manuel L\u00f3pez Obrador, reconoci\u00f3 el esfuerzo de todos; \u201cEsteban como Manolo se portaron a la altura de las circunstancias, nos pusimos de acuerdo entre todos para dar resultados, el partido m\u00e1s importante es el que representa a todos los mexicanos\u201d, expres\u00f3, al resaltar su trabajo, as\u00ed como de los presidentes municipales y su propio equipo de la Federaci\u00f3n, \u201cnos hemos visto como adversarios, no como enemigos\u201d, dijo al recalcar que vali\u00f3 la pena la transformaci\u00f3n, como el trabajo en unidad a favor de la gente.<\/p>\n\n\n\n<p>\u201cSiempre vamos a estar recordando a nuestro amigo Esteban, Manolo y Homero\u201d, dijo tras externar su agrado de regresar a la regi\u00f3n para seguir avanzando en la conclusi\u00f3n de esta obra de Agua Saludable para La Laguna, a fin que se logre abastecer a las comunidades, a los ejidos, a las colonias y a los hogares de agua libre de ars\u00e9nico.<\/p>\n\n\n\n<p>Por su parte, la presidenta electa, Claudia Sheinbaum extern\u00f3: \u201cvengo aqu\u00ed a La laguna a decirles que estoy comprometida para trabajar por el bien del pueblo de esta regi\u00f3n maravillosa y pr\u00f3spera de nuestro pa\u00eds, para bien de Coahuila y de Durango\u201d, adem\u00e1s de refrendar la continuidad a los principios del presidente de M\u00e9xico y su gobierno de manera justa, humanista y de resultados.<\/p>\n\n\n\n<p>A\u00f1adi\u00f3 que trabajar\u00e1 junto a los mandatarios de Durango y Coahuila para terminar al 100 por ciento esta obra, para garantizar que llegue a cada vivienda y a cada hogar de esta regi\u00f3n, agua saludable.<\/p>\n\n\n\n<p>Manolo Jim\u00e9nez Salinas, Gobernador de Coahuila, al grito de vivas por Durango, Coahuila, M\u00e9xico, L\u00f3pez Obrador, Claudia Sheinbaum y Esteban, agradeci\u00f3 el apoyo de la Federaci\u00f3n y el trabajo en equipo realizado por el bien de las familias laguneras. All\u00ed anunci\u00f3 la realizaci\u00f3n de m\u00e1s obras en la segunda etapa de Agua Saludable para La Laguna y reiter\u00f3 el respaldo de Coahuila a la presidenta electa para el desarrollo de proyectos, obras y acciones necesarias para mejorar la calidad de vida de la gente.<\/p>\n\n\n\n<p>Por su parte, el director general de la Comisi\u00f3n Nacional del Agua (CONAGUA), Germ\u00e1n Arturo Mart\u00ednez Santoyo, explic\u00f3 que la infraestructura construida en este proyecto, garantiza el abasto seguro por m\u00e1s de 50 a\u00f1os sin afectar la disponibilidad de agua para la agricultura, con un suministro de hasta 200 millones de metros c\u00fabicos del vital l\u00edquido anuales; se beneficiar\u00e1 a m\u00e1s de 1.6 millones de personas, que durante siete d\u00e9cadas, han sido afectadas, adem\u00e1s se tiene la viabilidad de suministrar a futuro a m\u00e1s de dos millones de habitantes durante 50 a\u00f1os.<\/p>\n\n\n\n<p>En dicho evento se cont\u00f3 con la presencia del presidente del Consejo de Administraci\u00f3n del grupo Lala, Eduardo Tricio Haro; del Subsecretario de Egresos de la Secretar\u00eda de Hacienda y Cr\u00e9dito P\u00fablico (SHCP), Juan Pablo De Botton Falc\u00f3n; el subdirector general de Administraci\u00f3n de la CONAGUA, Jos\u00e9 Antonio Zamora Gayosso; el subdirector general de agua potable, drenaje y saneamiento de la CONAGUA, Felipe Zatar\u00e1in Mendoza y el presidente municipal de Lerdo, Homero Mart\u00ednez Cabrera.<\/p>\n","protected":false},"excerpt":{"rendered":"<p>Sapioriz, Lerdo, Dgo.- \u201cHoy estamos transformando un gran sue\u00f1o en realidad, le estamos dando agua limpia y sustentable a los laguneros, le estamos dando un seguro de vida a nuestros hijos\u201d, expres\u00f3 el gobernador Esteban Villegas Villarreal al entregar junto al presidente de la Rep\u00fablica Andr\u00e9s Manuel L\u00f3pez Obrador, la presidenta electa Claudia Sheinbaum y [&hellip;]<\/p>\n","protected":false},"author":1,"featured_media":8806,"comment_status":"open","ping_status":"open","sticky":false,"template":"","format":"standard","meta":{"_monsterinsights_skip_tracking":false,"_monsterinsights_sitenote_active":false,"_monsterinsights_sitenote_note":"","_monsterinsights_sitenote_category":0,"footnotes":""},"categories":[1],"tags":[],"_links":{"self":[{"href":"https:\/\/zonalimitrofe-cbnr.com\/index.php\/wp-json\/wp\/v2\/posts\/8805"}],"collection":[{"href":"https:\/\/zonalimitrofe-cbnr.com\/index.php\/wp-json\/wp\/v2\/posts"}],"about":[{"href":"https:\/\/zonalimitrofe-cbnr.com\/index.php\/wp-json\/wp\/v2\/types\/post"}],"author":[{"embeddable":true,"href":"https:\/\/zonalimitrofe-cbnr.com\/index.php\/wp-json\/wp\/v2\/users\/1"}],"replies":[{"embeddable":true,"href":"https:\/\/zonalimitrofe-cbnr.com\/index.php\/wp-json\/wp\/v2\/comments?post=8805"}],"version-history":[{"count":1,"href":"https:\/\/zonalimitrofe-cbnr.com\/index.php\/wp-json\/wp\/v2\/posts\/8805\/revisions"}],"predecessor-version":[{"id":8807,"href":"https:\/\/zonalimitrofe-cbnr.com\/index.php\/wp-json\/wp\/v2\/posts\/8805\/revisions\/8807"}],"wp:featuredmedia":[{"embeddable":true,"href":"https:\/\/zonalimitrofe-cbnr.com\/index.php\/wp-json\/wp\/v2\/media\/8806"}],"wp:attachment":[{"href":"https:\/\/zonalimitrofe-cbnr.com\/index.php\/wp-json\/wp\/v2\/media?parent=8805"}],"wp:term":[{"taxonomy":"category","embeddable":true,"href":"https:\/\/zonalimitrofe-cbnr.com\/index.php\/wp-json\/wp\/v2\/categories?post=8805"},{"taxonomy":"post_tag","embeddable":true,"href":"https:\/\/zonalimitrofe-cbnr.com\/index.php\/wp-json\/wp\/v2\/tags?post=8805"}],"curies":[{"name":"wp","href":"https:\/\/api.w.org\/{rel}","templated":true}]}}