{"id":8774,"date":"2024-08-24T13:46:15","date_gmt":"2024-08-24T19:46:15","guid":{"rendered":"https:\/\/zonalimitrofe-cbnr.com\/?p=8774"},"modified":"2024-08-24T13:46:16","modified_gmt":"2024-08-24T19:46:16","slug":"torreon-desarrollo-social-ofrecera-alternativas-de-aprendizaje-en-la-colonia-nueva-california-y-en-el-ejido-la-perla","status":"publish","type":"post","link":"https:\/\/zonalimitrofe-cbnr.com\/index.php\/2024\/08\/24\/torreon-desarrollo-social-ofrecera-alternativas-de-aprendizaje-en-la-colonia-nueva-california-y-en-el-ejido-la-perla\/","title":{"rendered":"#Torre\u00f3n. Desarrollo Social ofrecer\u00e1 alternativas de aprendizaje en la colonia Nueva California y en el ejido La Perla"},"content":{"rendered":"\n<p><br>Torre\u00f3n, Coahuila. A 24 de agosto de 2024<br>En seguimiento al objetivo de la Administraci\u00f3n Municipal, de ofrecer a los ciudadanos herramientas que favorezcan a su desarrollo profesional, la Direcci\u00f3n de Desarrollo Social, en coordinaci\u00f3n con el Centro de Capacitaci\u00f3n para el Trabajo Industrial (CECATI), llevar\u00e1 a cabo una serie de talleres de formaci\u00f3n en la colonia Nueva California y en el ejido La Perla.<br>Ana del Toro Mu\u00f1oz, titular del Paseo Col\u00f3n y Centros Comunitarios de la dependencia, explic\u00f3 que los cursos programados tienen una duraci\u00f3n de un a\u00f1o, y dar\u00e1n inicio el pr\u00f3ximo 26 de agosto.<br>Dijo que los talleres tienen un costo de 300 pesos por m\u00f3dulo, el cual abarca de dos a tres meses dependiendo del taller, y al t\u00e9rmino del mismo, recibir\u00e1n un certificado avalado por el CECATI.<br>La funcionaria indic\u00f3 que el Centro Comunitario La Perla, ubicado en el ejido del mismo nombre, contar\u00e1 con el taller de inform\u00e1tica y belleza, los lunes, mi\u00e9rcoles y viernes de 09:00 a 13:00 horas, ambos cursos.<br>Por otra parte, dijo que en el Centro Comunitario Nueva California, se llevar\u00e1n a cabo los talleres de electr\u00f3nica los jueves y viernes, de las 16:00 a 19:00 horas; soporte e instalaciones el\u00e9ctricas y motores el\u00e9ctricos, lunes y martes de 08:00 a 12:00 horas; administraci\u00f3n, mi\u00e9rcoles y viernes, de 09:00 a 12:00 horas e ingl\u00e9s, los jueves y viernes de 09:00 a 12:00 horas.<br>Adem\u00e1s de un taller corto de asistencia ejecutiva, el cual comenzar\u00e1 el 29 de agosto y concluir\u00e1 el 30 de septiembre, con clases de lunes a viernes, de 08:00 a 12:00 horas.<br>Del Toro Mu\u00f1oz destac\u00f3 que la capacidad de cada taller ser\u00e1 de 20 personas, para otorgar una atenci\u00f3n m\u00e1s personalizada.<br>Por lo anterior, invit\u00f3 a la poblaci\u00f3n interesada a acudir a los centros mencionados, ubicados en el bulevar Francisco Sarabia, esquina con calle El Faro, en la colonia Nueva California; y en el ejido La Perla, sobre el bulevar La Libertad, n\u00famero 2, sector Santa Sofia.<\/p>\n","protected":false},"excerpt":{"rendered":"<p>Torre\u00f3n, Coahuila. A 24 de agosto de 2024En seguimiento al objetivo de la Administraci\u00f3n Municipal, de ofrecer a los ciudadanos herramientas que favorezcan a su desarrollo profesional, la Direcci\u00f3n de Desarrollo Social, en coordinaci\u00f3n con el Centro de Capacitaci\u00f3n para el Trabajo Industrial (CECATI), llevar\u00e1 a cabo una serie de talleres de formaci\u00f3n en la [&hellip;]<\/p>\n","protected":false},"author":1,"featured_media":8775,"comment_status":"open","ping_status":"open","sticky":false,"template":"","format":"standard","meta":{"_monsterinsights_skip_tracking":false,"_monsterinsights_sitenote_active":false,"_monsterinsights_sitenote_note":"","_monsterinsights_sitenote_category":0,"footnotes":""},"categories":[1],"tags":[],"_links":{"self":[{"href":"https:\/\/zonalimitrofe-cbnr.com\/index.php\/wp-json\/wp\/v2\/posts\/8774"}],"collection":[{"href":"https:\/\/zonalimitrofe-cbnr.com\/index.php\/wp-json\/wp\/v2\/posts"}],"about":[{"href":"https:\/\/zonalimitrofe-cbnr.com\/index.php\/wp-json\/wp\/v2\/types\/post"}],"author":[{"embeddable":true,"href":"https:\/\/zonalimitrofe-cbnr.com\/index.php\/wp-json\/wp\/v2\/users\/1"}],"replies":[{"embeddable":true,"href":"https:\/\/zonalimitrofe-cbnr.com\/index.php\/wp-json\/wp\/v2\/comments?post=8774"}],"version-history":[{"count":1,"href":"https:\/\/zonalimitrofe-cbnr.com\/index.php\/wp-json\/wp\/v2\/posts\/8774\/revisions"}],"predecessor-version":[{"id":8776,"href":"https:\/\/zonalimitrofe-cbnr.com\/index.php\/wp-json\/wp\/v2\/posts\/8774\/revisions\/8776"}],"wp:featuredmedia":[{"embeddable":true,"href":"https:\/\/zonalimitrofe-cbnr.com\/index.php\/wp-json\/wp\/v2\/media\/8775"}],"wp:attachment":[{"href":"https:\/\/zonalimitrofe-cbnr.com\/index.php\/wp-json\/wp\/v2\/media?parent=8774"}],"wp:term":[{"taxonomy":"category","embeddable":true,"href":"https:\/\/zonalimitrofe-cbnr.com\/index.php\/wp-json\/wp\/v2\/categories?post=8774"},{"taxonomy":"post_tag","embeddable":true,"href":"https:\/\/zonalimitrofe-cbnr.com\/index.php\/wp-json\/wp\/v2\/tags?post=8774"}],"curies":[{"name":"wp","href":"https:\/\/api.w.org\/{rel}","templated":true}]}}