{"id":8707,"date":"2024-08-22T17:22:20","date_gmt":"2024-08-22T23:22:20","guid":{"rendered":"https:\/\/zonalimitrofe-cbnr.com\/?p=8707"},"modified":"2024-08-22T17:22:20","modified_gmt":"2024-08-22T23:22:20","slug":"uadec-inauguran-en-la-uadec-las-actividades-de-la-catedra-de-derechos-humanos-ministra-ana-margarita-rios-farjat-2024-2025","status":"publish","type":"post","link":"https:\/\/zonalimitrofe-cbnr.com\/index.php\/2024\/08\/22\/uadec-inauguran-en-la-uadec-las-actividades-de-la-catedra-de-derechos-humanos-ministra-ana-margarita-rios-farjat-2024-2025\/","title":{"rendered":"#UAdeC. Inauguran en la UAdeC las Actividades de la \u201cC\u00e1tedra de Derechos Humanos Ministra Ana Margarita R\u00edos Farjat\u201d 2024-2025"},"content":{"rendered":"\n<p>SALTILLO, Coahuila. 22 de agosto de 2024. En el Paraninfo de la Escuela de Bachilleres Ateneo Fuente de la Universidad Aut\u00f3noma de Coahuila se inauguraron las actividades de la \u201cC\u00e1tedra de Derechos Humanos Ministra Ana Margarita R\u00edos Farjat\u201d 2024-2025, que es un espacio de reflexi\u00f3n y an\u00e1lisis en materia de Derechos Humanos.<\/p>\n\n\n\n<p>A la ceremonia asistieron la ministra de la Suprema Corte de Justicia de la Naci\u00f3n,<\/p>\n\n\n\n<p>Ana Margarita R\u00edos Farjat, en representaci\u00f3n del gobernador del estado de Coahuila, Manolo Jim\u00e9nez Salinas, el secretario de gobierno, Oscar Pimentel Gonz\u00e1lez, el magistrado presidente del Tribunal Superior de Justicia del Estado, Miguel Felipe Mery Ayup, el rector de la m\u00e1xima casa de estudios, Octavio Pimentel Mart\u00ednez, la titular de la Defensor\u00eda de los Derechos Humanos Universitarios, Magda Yadira Robles Garza e invitados especiales.<\/p>\n\n\n\n<p>En su mensaje, el rector Octavio Pimentel Mart\u00ednez, se\u00f1al\u00f3 que la Universidad es una instituci\u00f3n promotora de los derechos humanos, no s\u00f3lo en el \u00e1mbito interno, incorporando su ense\u00f1anza a todos los programas educativos, sino tambi\u00e9n en la agenda de difusi\u00f3n, que aporta conocimiento de vanguardia al saber p\u00fablico y que ayuda al abordaje de los problemas sociales con una perspectiva de derechos humanos.<\/p>\n\n\n\n<p>\u201cEs un honor para nosotros en la UAdeC tener aqu\u00ed a nuestra gran aliada y promotora de los derechos humanos, nuestra amiga, la ministra de la Suprema Corte de Justicia de la Naci\u00f3n, Ana Margarita R\u00edos Farjat, muchas gracias por estar aqu\u00ed con nosotros y permitirnos poner su nombre a la C\u00e1tedra de Derechos Humanos con mayor alcance e importancia en el estado de Coahuila y tambi\u00e9n una de las m\u00e1s importantes en el norte de M\u00e9xico\u201d, dijo.<\/p>\n\n\n\n<p>Coment\u00f3 que, a partir de la Reforma Constitucional en materia de derechos humanos, que vivi\u00f3 el pa\u00eds en 2011, todas las instituciones pol\u00edticas p\u00fablicas de M\u00e9xico, pero en forma especial las universidades, tienen la obligaci\u00f3n de educar en derechos humanos y promover mecanismos internos para el pleno respeto de las comunidades universitarias.<\/p>\n\n\n\n<p>\u201cEsta tarea la hemos tomado con la mayor seriedad posible, al grado de que somos una de las mejores universidades de M\u00e9xico con mayores avances en esta materia, por ejemplo, en nuestro Estatuto Universitario, en la Reforma del 2019 incorporamos el enfoque de derechos humanos y lo ampliamos en el 2023, en el 2015 creamos la Academia Interamericana de Derechos Humanos, que es un centro de investigaci\u00f3n l\u00edder a nivel nacional e internacional, tambi\u00e9n se han creado instancias de defensa<\/p>\n\n\n\n<p>y promoci\u00f3n de los derechos, en 2017 pusimos en marcha la Defensor\u00eda de los Derechos Humanos Universitarios, en 2019 creamos la Coordinaci\u00f3n de Igualdad de G\u00e9nero y en el 2020 comenz\u00f3 a operar nuestro Tribunal Universitario para la Atenci\u00f3n de Casos de Violencia de G\u00e9nero y este a\u00f1o se le dio un realce al brindarle independencia absoluta\u201d, comparti\u00f3.<\/p>\n\n\n\n<p>Durante su intervenci\u00f3n la ministra Ana Margarita R\u00edos Farjat, comparti\u00f3 con los asistentes algunos casos atendidos por la Suprema Corte de Justicia en materia de salud, uno de ellos, el de una mujer que contrat\u00f3 una p\u00f3liza de seguros cuando estaba embarazada y al nacer su beb\u00e9 solicit\u00f3 la extensi\u00f3n de la p\u00f3liza para \u00e9l, pero al conocer que ten\u00eda S\u00edndrome de Down, la aseguradora le neg\u00f3 la p\u00f3liza, argumentando que ten\u00eda un padecimiento sist\u00e9mico que lo hac\u00eda inelegible.<\/p>\n\n\n\n<p>La Ministra resalt\u00f3 la importancia de conocer este tipo de casos para con ello crear conciencia sobre la empat\u00eda con las personas que pasan por algo as\u00ed \u201cSon sentencias muy dolorosas como podr\u00e1n ver, pero muy interesantes que nos dicen mucho de cosas que verdaderamente lastiman a la sociedad, que la lesiona y que, si todos las conoci\u00e9ramos m\u00e1s, podr\u00edamos aportar mejores cosas a nuestros semejantes y a las instituciones\u201d, dijo.<\/p>\n\n\n\n<p>Se\u00f1al\u00f3 que tener acceso al quehacer judicial es importante para ello, por lo que comparti\u00f3 con los asistentes las estrategias que su ponencia ha impulsado con el objetivo de facilitar esta tarea a la ciudadan\u00eda, entre ellas \u201cSor Juana\u201d, una herramienta que hace uso de la Inteligencia Artificial (IA) para consultar sus proyectos de sentencia de manera clara y sencilla, explic\u00f3 que para acceder a ella se debe ingresar a la p\u00e1gina https:\/\/www.scjn.gob.mx\/, dar clic en Plenos y Salas, luego en Primera Sala y en ministra Ana Margarita R\u00edos Farjat.<\/p>\n\n\n\n<p>Por su parte, la titular de la Defensor\u00eda de los Derechos Humanos Universitarios, Magda Yadira Robles Garza, agradeci\u00f3 al rector Octavio Pimentel Mart\u00ednez por impulsar esta c\u00e1tedra y por su compromiso con los derechos humanos y la equidad, que han sido ejes rectores de la pol\u00edtica institucional desde el d\u00eda uno de su administraci\u00f3n.<\/p>\n\n\n\n<p>\u201cEstas acciones, as\u00ed como muchas otras, reflejan el compromiso con el respeto y promoci\u00f3n de los derechos humanos, as\u00ed como la inclusi\u00f3n de la comunidad universitaria y por supuesto a la sociedad en estos proyectos, por ello la creaci\u00f3n de esta c\u00e1tedra de derechos humanos es un espacio acad\u00e9mico que es abierto y plural\u201d, dijo.<\/p>\n\n\n\n<p>Comparti\u00f3 que algunas de las actividades que se estar\u00e1n realizando son un Seminario de casos de la Superama Corte en materia de Derechos Humanos, Club<\/p>\n\n\n\n<p>de Cine-Debate, Taller de g\u00e9nero e inclusi\u00f3n, Taller sobre redacci\u00f3n de sentencias en formato de f\u00e1cil lectura y la realizaci\u00f3n de un Simulacro de juicio, entre otras.<\/p>\n\n\n\n<p>Robles Garza, agradeci\u00f3 a la ministra Ana Margarita R\u00edos Farjat y a su equipo de trabajo por elaborar cada a\u00f1o un plan de trabajo de actividades, con las cuales se fomenta la formaci\u00f3n integra<\/p>\n","protected":false},"excerpt":{"rendered":"<p>SALTILLO, Coahuila. 22 de agosto de 2024. En el Paraninfo de la Escuela de Bachilleres Ateneo Fuente de la Universidad Aut\u00f3noma de Coahuila se inauguraron las actividades de la \u201cC\u00e1tedra de Derechos Humanos Ministra Ana Margarita R\u00edos Farjat\u201d 2024-2025, que es un espacio de reflexi\u00f3n y an\u00e1lisis en materia de Derechos Humanos. A la ceremonia [&hellip;]<\/p>\n","protected":false},"author":1,"featured_media":8708,"comment_status":"open","ping_status":"open","sticky":false,"template":"","format":"standard","meta":{"_monsterinsights_skip_tracking":false,"_monsterinsights_sitenote_active":false,"_monsterinsights_sitenote_note":"","_monsterinsights_sitenote_category":0,"footnotes":""},"categories":[1],"tags":[],"_links":{"self":[{"href":"https:\/\/zonalimitrofe-cbnr.com\/index.php\/wp-json\/wp\/v2\/posts\/8707"}],"collection":[{"href":"https:\/\/zonalimitrofe-cbnr.com\/index.php\/wp-json\/wp\/v2\/posts"}],"about":[{"href":"https:\/\/zonalimitrofe-cbnr.com\/index.php\/wp-json\/wp\/v2\/types\/post"}],"author":[{"embeddable":true,"href":"https:\/\/zonalimitrofe-cbnr.com\/index.php\/wp-json\/wp\/v2\/users\/1"}],"replies":[{"embeddable":true,"href":"https:\/\/zonalimitrofe-cbnr.com\/index.php\/wp-json\/wp\/v2\/comments?post=8707"}],"version-history":[{"count":1,"href":"https:\/\/zonalimitrofe-cbnr.com\/index.php\/wp-json\/wp\/v2\/posts\/8707\/revisions"}],"predecessor-version":[{"id":8709,"href":"https:\/\/zonalimitrofe-cbnr.com\/index.php\/wp-json\/wp\/v2\/posts\/8707\/revisions\/8709"}],"wp:featuredmedia":[{"embeddable":true,"href":"https:\/\/zonalimitrofe-cbnr.com\/index.php\/wp-json\/wp\/v2\/media\/8708"}],"wp:attachment":[{"href":"https:\/\/zonalimitrofe-cbnr.com\/index.php\/wp-json\/wp\/v2\/media?parent=8707"}],"wp:term":[{"taxonomy":"category","embeddable":true,"href":"https:\/\/zonalimitrofe-cbnr.com\/index.php\/wp-json\/wp\/v2\/categories?post=8707"},{"taxonomy":"post_tag","embeddable":true,"href":"https:\/\/zonalimitrofe-cbnr.com\/index.php\/wp-json\/wp\/v2\/tags?post=8707"}],"curies":[{"name":"wp","href":"https:\/\/api.w.org\/{rel}","templated":true}]}}