{"id":8677,"date":"2024-08-22T16:35:46","date_gmt":"2024-08-22T22:35:46","guid":{"rendered":"https:\/\/zonalimitrofe-cbnr.com\/?p=8677"},"modified":"2024-08-22T16:35:46","modified_gmt":"2024-08-22T22:35:46","slug":"gp-invitan-a-concierto-de-musica-cubana-en-el-teatro-alberto-m-alvarado","status":"publish","type":"post","link":"https:\/\/zonalimitrofe-cbnr.com\/index.php\/2024\/08\/22\/gp-invitan-a-concierto-de-musica-cubana-en-el-teatro-alberto-m-alvarado\/","title":{"rendered":"#GP. Invitan a concierto de m\u00fasica cubana en el Teatro Alberto M. Alvarado*"},"content":{"rendered":"\n<p>Con el objetivo de brindar a la poblaci\u00f3n espect\u00e1culos de calidad y al mismo tiempo facilitar la difusi\u00f3n de distintas manifestaciones art\u00edsticas, el Ayuntamiento de G\u00f3mez Palacio a trav\u00e9s de la Direcci\u00f3n Municipal de Arte y Cultura, hace una atenta invitaci\u00f3n al concierto de m\u00fasica cubana a cargo de artistas pertenecientes a la Universidad Ju\u00e1rez del Estado de Durango.<\/p>\n\n\n\n<p>Melissa Reuter P\u00e9rez, directora de Cultura en el municipio, se\u00f1al\u00f3 que este concierto se lleva a cabo para dar a conocer el talento local, y qu\u00e9 mejor que hacerlo en el Teatro Alberto M. Alvarado.<\/p>\n\n\n\n<p>La titular de Cultura manifest\u00f3 que la presentaci\u00f3n se realizar\u00e1 este jueves 22 de agosto en punto de las 19:00 horas, y detall\u00f3 que la entrada ser\u00e1 gratuita, por lo que invita a la poblaci\u00f3n amante de la trova cubana a que no se pierda esta magna presentaci\u00f3n con los m\u00fasicos de la UJED.<\/p>\n\n\n\n<p>\u201cLa Presidenta Municipal Leticia Herrera Ale, desde el inicio de su administraci\u00f3n, nos instruy\u00f3 para que llev\u00e1ramos el arte y la cultura a todos los gomezpalatinos, mediante conciertos, exposiciones y una gran variedad de eventos, con el fin de brindar a los ciudadanos, espacios de sano esparcimiento\u201d, dijo Reuter P\u00e9rez.<\/p>\n\n\n\n<p>Por \u00faltimo, la titular de Cultura manifest\u00f3 que el 28 de agosto se tendr\u00e1 otro concierto en el Teatro Alberto M. Alvarado, con el fin de festejar a los abuelos en su d\u00eda. Este ser\u00e1 en punto de las 17:00 horas y el cual estar\u00e1 a cargo de los grupos de bohemia de la localidad.<\/p>\n","protected":false},"excerpt":{"rendered":"<p>Con el objetivo de brindar a la poblaci\u00f3n espect\u00e1culos de calidad y al mismo tiempo facilitar la difusi\u00f3n de distintas manifestaciones art\u00edsticas, el Ayuntamiento de G\u00f3mez Palacio a trav\u00e9s de la Direcci\u00f3n Municipal de Arte y Cultura, hace una atenta invitaci\u00f3n al concierto de m\u00fasica cubana a cargo de artistas pertenecientes a la Universidad Ju\u00e1rez [&hellip;]<\/p>\n","protected":false},"author":1,"featured_media":8678,"comment_status":"open","ping_status":"open","sticky":false,"template":"","format":"standard","meta":{"_monsterinsights_skip_tracking":false,"_monsterinsights_sitenote_active":false,"_monsterinsights_sitenote_note":"","_monsterinsights_sitenote_category":0,"footnotes":""},"categories":[1],"tags":[],"_links":{"self":[{"href":"https:\/\/zonalimitrofe-cbnr.com\/index.php\/wp-json\/wp\/v2\/posts\/8677"}],"collection":[{"href":"https:\/\/zonalimitrofe-cbnr.com\/index.php\/wp-json\/wp\/v2\/posts"}],"about":[{"href":"https:\/\/zonalimitrofe-cbnr.com\/index.php\/wp-json\/wp\/v2\/types\/post"}],"author":[{"embeddable":true,"href":"https:\/\/zonalimitrofe-cbnr.com\/index.php\/wp-json\/wp\/v2\/users\/1"}],"replies":[{"embeddable":true,"href":"https:\/\/zonalimitrofe-cbnr.com\/index.php\/wp-json\/wp\/v2\/comments?post=8677"}],"version-history":[{"count":1,"href":"https:\/\/zonalimitrofe-cbnr.com\/index.php\/wp-json\/wp\/v2\/posts\/8677\/revisions"}],"predecessor-version":[{"id":8679,"href":"https:\/\/zonalimitrofe-cbnr.com\/index.php\/wp-json\/wp\/v2\/posts\/8677\/revisions\/8679"}],"wp:featuredmedia":[{"embeddable":true,"href":"https:\/\/zonalimitrofe-cbnr.com\/index.php\/wp-json\/wp\/v2\/media\/8678"}],"wp:attachment":[{"href":"https:\/\/zonalimitrofe-cbnr.com\/index.php\/wp-json\/wp\/v2\/media?parent=8677"}],"wp:term":[{"taxonomy":"category","embeddable":true,"href":"https:\/\/zonalimitrofe-cbnr.com\/index.php\/wp-json\/wp\/v2\/categories?post=8677"},{"taxonomy":"post_tag","embeddable":true,"href":"https:\/\/zonalimitrofe-cbnr.com\/index.php\/wp-json\/wp\/v2\/tags?post=8677"}],"curies":[{"name":"wp","href":"https:\/\/api.w.org\/{rel}","templated":true}]}}