{"id":8658,"date":"2024-08-21T17:16:57","date_gmt":"2024-08-21T23:16:57","guid":{"rendered":"https:\/\/zonalimitrofe-cbnr.com\/?p=8658"},"modified":"2024-08-21T17:16:57","modified_gmt":"2024-08-21T23:16:57","slug":"torreon-develan-placa-del-memorial-de-policias-municipales-desaparecidos-en-torreon","status":"publish","type":"post","link":"https:\/\/zonalimitrofe-cbnr.com\/index.php\/2024\/08\/21\/torreon-develan-placa-del-memorial-de-policias-municipales-desaparecidos-en-torreon\/","title":{"rendered":"#Torre\u00f3n. Develan Placa del Memorial de Polic\u00edas Municipales Desaparecidos en Torre\u00f3n"},"content":{"rendered":"\n<p><strong>Torre\u00f3n, Coahuila. A 21 de agosto de 2024. <\/strong>Con el objetivo de dar visibilidad a los polic\u00edas municipales desaparecidos en sus funciones, esta ma\u00f1ana se realiz\u00f3 un acto de develaci\u00f3n de placa del Memorial de los elementos de Seguridad P\u00fablica, ubicado al interior del Bosque Venustiano Carranza. La Secretaria del Ayuntamiento, Natalia Guadalupe Fern\u00e1ndez Mart\u00ednez, dijo que en la Administraci\u00f3n Municipal del alcalde Rom\u00e1n Alberto Cepeda Gonz\u00e1lez, es importante dar seguimiento al esquema de derechos humanos. &#8220;El d\u00eda de hoy damos un paso m\u00e1s, tener este lugar para que ustedes vengan y para que se recuerde que en Torre\u00f3n nos faltan personas y que las seguimos buscando. El compromiso que tiene el Alcalde con las causas de los derechos humanos, es un compromiso real, no es un compromiso que \u00fanicamente se ve en el discurso, el d\u00eda de hoy cumplimos, estamos con todos ustedes para decirles que no est\u00e1n solos, y para decirles que el Municipio va a seguir garantizando en el \u00e1mbito de nuestra competencia y de nuestra oportunidad, la b\u00fasqueda de las personas, la dignificaci\u00f3n de su causa y por supuesto lo m\u00e1s importante, la b\u00fasqueda de la verdad&#8221;, indic\u00f3. A los colectivos de b\u00fasqueda les reconoci\u00f3 su labor por dignificar a las personas desaparecidas y manifest\u00f3 el respeto del Gobierno Municipal. La funcionaria agradeci\u00f3 tambi\u00e9n la presencia de Yeska Garza, coordinadora general del Centro de Identificaci\u00f3n Humana en Coahuila. El titular de la Unidad de Derechos Humanos en el Municipio, Miguel \u00c1ngel Urrutia de la Torre, destac\u00f3 que el Alcalde ha priorizado el cumplimiento de los derechos humanos en su Administraci\u00f3n. Dijo que el derecho a la memoria es primordial para las personas que se encuentran desaparecidas, e igual de importante que el derecho a la verdad y la justicia.<\/p>\n\n\n\n<p>&#8220;El d\u00eda de hoy damos un paso m\u00e1s poder garantizar los derechos humanos de las personas que se encuentran desaparecidas, creo que es un ejemplo de un buen trabajo conjunto de la sociedad civil organizada y la Administraci\u00f3n, al final del d\u00eda aprendemos de ellos, tienen un camino recorrido, tienen pasos ya dados y nos sumamos a su esfuerzo como como una herramienta en el \u00e1mbito que nos compete&#8221;, puntualiz\u00f3.<\/p>\n","protected":false},"excerpt":{"rendered":"<p>Torre\u00f3n, Coahuila. A 21 de agosto de 2024. Con el objetivo de dar visibilidad a los polic\u00edas municipales desaparecidos en sus funciones, esta ma\u00f1ana se realiz\u00f3 un acto de develaci\u00f3n de placa del Memorial de los elementos de Seguridad P\u00fablica, ubicado al interior del Bosque Venustiano Carranza. La Secretaria del Ayuntamiento, Natalia Guadalupe Fern\u00e1ndez Mart\u00ednez, [&hellip;]<\/p>\n","protected":false},"author":1,"featured_media":8659,"comment_status":"open","ping_status":"open","sticky":false,"template":"","format":"standard","meta":{"_monsterinsights_skip_tracking":false,"_monsterinsights_sitenote_active":false,"_monsterinsights_sitenote_note":"","_monsterinsights_sitenote_category":0,"footnotes":""},"categories":[1],"tags":[],"_links":{"self":[{"href":"https:\/\/zonalimitrofe-cbnr.com\/index.php\/wp-json\/wp\/v2\/posts\/8658"}],"collection":[{"href":"https:\/\/zonalimitrofe-cbnr.com\/index.php\/wp-json\/wp\/v2\/posts"}],"about":[{"href":"https:\/\/zonalimitrofe-cbnr.com\/index.php\/wp-json\/wp\/v2\/types\/post"}],"author":[{"embeddable":true,"href":"https:\/\/zonalimitrofe-cbnr.com\/index.php\/wp-json\/wp\/v2\/users\/1"}],"replies":[{"embeddable":true,"href":"https:\/\/zonalimitrofe-cbnr.com\/index.php\/wp-json\/wp\/v2\/comments?post=8658"}],"version-history":[{"count":1,"href":"https:\/\/zonalimitrofe-cbnr.com\/index.php\/wp-json\/wp\/v2\/posts\/8658\/revisions"}],"predecessor-version":[{"id":8660,"href":"https:\/\/zonalimitrofe-cbnr.com\/index.php\/wp-json\/wp\/v2\/posts\/8658\/revisions\/8660"}],"wp:featuredmedia":[{"embeddable":true,"href":"https:\/\/zonalimitrofe-cbnr.com\/index.php\/wp-json\/wp\/v2\/media\/8659"}],"wp:attachment":[{"href":"https:\/\/zonalimitrofe-cbnr.com\/index.php\/wp-json\/wp\/v2\/media?parent=8658"}],"wp:term":[{"taxonomy":"category","embeddable":true,"href":"https:\/\/zonalimitrofe-cbnr.com\/index.php\/wp-json\/wp\/v2\/categories?post=8658"},{"taxonomy":"post_tag","embeddable":true,"href":"https:\/\/zonalimitrofe-cbnr.com\/index.php\/wp-json\/wp\/v2\/tags?post=8658"}],"curies":[{"name":"wp","href":"https:\/\/api.w.org\/{rel}","templated":true}]}}