{"id":8655,"date":"2024-08-21T17:14:34","date_gmt":"2024-08-21T23:14:34","guid":{"rendered":"https:\/\/zonalimitrofe-cbnr.com\/?p=8655"},"modified":"2024-08-21T17:14:34","modified_gmt":"2024-08-21T23:14:34","slug":"lerdo-arranca-homero-martinez-construccion-del-edificio-de-proteccion-civil-y-bomberos","status":"publish","type":"post","link":"https:\/\/zonalimitrofe-cbnr.com\/index.php\/2024\/08\/21\/lerdo-arranca-homero-martinez-construccion-del-edificio-de-proteccion-civil-y-bomberos\/","title":{"rendered":"#Lerdo. ARRANCA HOMERO MART\u00cdNEZ CONSTRUCCI\u00d3N DEL EDIFICIO DE PROTECCI\u00d3N CIVIL Y BOMBEROS"},"content":{"rendered":"\n<p>Lerdo, 21 de agosto 2024.- En el marco del D\u00eda Nacional del Bombero, el Alcalde Homero Mart\u00ednez Cabrera dio inicio a la esperada obra de construcci\u00f3n del edificio de Protecci\u00f3n Civil y Bomberos. Con una inversi\u00f3n de 7.2 millones de pesos, este proyecto tiene como objetivo dignificar los servicios de atenci\u00f3n y fortalecer la infraestructura de seguridad en la ciudad.<\/p>\n\n\n\n<p>&#8220;Debemos ofrecer un servicio a la altura de las exigencias de grandes empresas para mantener la credibilidad y garantizar la seguridad de la ciudadan\u00eda&#8221;, afirm\u00f3 el Alcalde durante el evento, destacando la importancia de esta dependencia en el contexto del crecimiento de Lerdo, impulsado por la llegada de nuevas empresas y la cercan\u00eda del r\u00edo.<\/p>\n\n\n\n<p>Adem\u00e1s, subray\u00f3 que esta obra es uno de sus compromisos con el personal de la corporaci\u00f3n, asegurando que contar\u00e1n con instalaciones de calidad para desarrollar sus labores.<\/p>\n\n\n\n<p>El proyecto contempla la construcci\u00f3n de un edificio de dos niveles que incluir\u00e1 un \u00e1rea de atenci\u00f3n a la ciudadan\u00eda, sala de capacitaci\u00f3n, \u00e1reas administrativas y estacionamiento, mejorando as\u00ed, las condiciones de trabajo de los elementos. Tambi\u00e9n se habilitar\u00e1 un \u00e1rea de descanso, comedor, sala de televisi\u00f3n y gimnasio para el uso de los bomberos.<\/p>\n\n\n\n<p>Isabel Mac\u00edas, coordinadora de Protecci\u00f3n Civil y Bomberos, expres\u00f3 su agradecimiento al alcalde y al cabildo por la realizaci\u00f3n de esta obra, que marcar\u00e1 un hito en la historia de la corporaci\u00f3n. &#8220;A 20 a\u00f1os de haber sido creada esta \u00e1rea, esta remodelaci\u00f3n es un orgullo para nuestra administraci\u00f3n. Gracias al apoyo del Presidente, hemos podido cumplir con nuestra tarea de servir a la ciudadan\u00eda, elevando el nivel de nuestra direcci\u00f3n&#8221;. De igual manera, destac\u00f3 la homologaci\u00f3n de salarios como un paso importante en el reconocimiento del trabajo del personal.<\/p>\n\n\n\n<p>Antonio S\u00e1nchez, director de Obras P\u00fablicas, se\u00f1al\u00f3 que esta remodelaci\u00f3n representar\u00e1 un antes y un despu\u00e9s para las instalaciones de los bomberos, mejorando significativamente las condiciones en las que desempe\u00f1an sus labores diarias.<\/p>\n\n\n\n<p>Con este proyecto, el Gobierno Municipal de Ciudad Lerdo, reafirma su compromiso con la seguridad y el bienestar de la ciudadan\u00eda, dejando una infraestructura que perdurar\u00e1 para futuras generaciones.<\/p>\n","protected":false},"excerpt":{"rendered":"<p>Lerdo, 21 de agosto 2024.- En el marco del D\u00eda Nacional del Bombero, el Alcalde Homero Mart\u00ednez Cabrera dio inicio a la esperada obra de construcci\u00f3n del edificio de Protecci\u00f3n Civil y Bomberos. Con una inversi\u00f3n de 7.2 millones de pesos, este proyecto tiene como objetivo dignificar los servicios de atenci\u00f3n y fortalecer la infraestructura [&hellip;]<\/p>\n","protected":false},"author":1,"featured_media":8656,"comment_status":"open","ping_status":"open","sticky":false,"template":"","format":"standard","meta":{"_monsterinsights_skip_tracking":false,"_monsterinsights_sitenote_active":false,"_monsterinsights_sitenote_note":"","_monsterinsights_sitenote_category":0,"footnotes":""},"categories":[1],"tags":[],"_links":{"self":[{"href":"https:\/\/zonalimitrofe-cbnr.com\/index.php\/wp-json\/wp\/v2\/posts\/8655"}],"collection":[{"href":"https:\/\/zonalimitrofe-cbnr.com\/index.php\/wp-json\/wp\/v2\/posts"}],"about":[{"href":"https:\/\/zonalimitrofe-cbnr.com\/index.php\/wp-json\/wp\/v2\/types\/post"}],"author":[{"embeddable":true,"href":"https:\/\/zonalimitrofe-cbnr.com\/index.php\/wp-json\/wp\/v2\/users\/1"}],"replies":[{"embeddable":true,"href":"https:\/\/zonalimitrofe-cbnr.com\/index.php\/wp-json\/wp\/v2\/comments?post=8655"}],"version-history":[{"count":1,"href":"https:\/\/zonalimitrofe-cbnr.com\/index.php\/wp-json\/wp\/v2\/posts\/8655\/revisions"}],"predecessor-version":[{"id":8657,"href":"https:\/\/zonalimitrofe-cbnr.com\/index.php\/wp-json\/wp\/v2\/posts\/8655\/revisions\/8657"}],"wp:featuredmedia":[{"embeddable":true,"href":"https:\/\/zonalimitrofe-cbnr.com\/index.php\/wp-json\/wp\/v2\/media\/8656"}],"wp:attachment":[{"href":"https:\/\/zonalimitrofe-cbnr.com\/index.php\/wp-json\/wp\/v2\/media?parent=8655"}],"wp:term":[{"taxonomy":"category","embeddable":true,"href":"https:\/\/zonalimitrofe-cbnr.com\/index.php\/wp-json\/wp\/v2\/categories?post=8655"},{"taxonomy":"post_tag","embeddable":true,"href":"https:\/\/zonalimitrofe-cbnr.com\/index.php\/wp-json\/wp\/v2\/tags?post=8655"}],"curies":[{"name":"wp","href":"https:\/\/api.w.org\/{rel}","templated":true}]}}