{"id":8649,"date":"2024-08-21T17:02:18","date_gmt":"2024-08-21T23:02:18","guid":{"rendered":"https:\/\/zonalimitrofe-cbnr.com\/?p=8649"},"modified":"2024-08-21T17:02:18","modified_gmt":"2024-08-21T23:02:18","slug":"uadec-conmemoran-en-la-uadec-el-dia-nacional-del-trabajo-social-con-un-panel-de-egresados","status":"publish","type":"post","link":"https:\/\/zonalimitrofe-cbnr.com\/index.php\/2024\/08\/21\/uadec-conmemoran-en-la-uadec-el-dia-nacional-del-trabajo-social-con-un-panel-de-egresados\/","title":{"rendered":"#UAdeC. Conmemoran en la UAdeC el D\u00eda Nacional del Trabajo Social con un Panel de Egresados"},"content":{"rendered":"\n<p>SALTILLO, Coahuila. 21 de agosto de 2024. Para conmemorar el D\u00eda Nacional del Trabajo Social que se celebra el 21 de agosto, la Universidad Aut\u00f3noma de Coahuila a trav\u00e9s de la Facultad de Trabajo Social, llev\u00f3 a cabo el Segundo Panel \u201cDel Quehacer Profesional del Trabajador Social\u201d.<\/p>\n\n\n\n<p>El evento tuvo lugar en la Sala Audiovisual del plantel, con el objetivo de que egresados compartieran sus experiencias profesionales y brindaran consejos a los futuros trabajadores sociales.<\/p>\n\n\n\n<p>En el panel se cont\u00f3 con la participaci\u00f3n de expertos de diversas instituciones, del Instituto Nacional de Migraci\u00f3n, Susana Rosales Mel\u00e9ndez, del Hospital General del Instituto de Seguridad y Servicios Sociales de los Trabajadores del Estado (ISSSTE), V\u00edctor Hugo Cortez L\u00f3pez, de la Unidad de Servicio de Apoyo a la Educaci\u00f3n Regular (USAER) 144 Educaci\u00f3n Especial, Humberto Salas Jauregui y del Centro Estatal de Evaluaci\u00f3n y Control de Confianza, Naux Miguel Mu\u00f1oz Moreno.<\/p>\n\n\n\n<p>En su mensaje, el director de la Facultad de Trabajo Social, C\u00e9sar Arnulfo de Le\u00f3n Alvarado, agradeci\u00f3 que egresados de la escuela regresen a compartir sus conocimientos con los alumnos, ya que cada uno cuenta con diferentes experiencias al desenvolverse en diversos campos.<\/p>\n\n\n\n<p>Durante el panel Susana Rosales Mel\u00e9ndez, quien es colaboradora del Instituto Nacional de Migraci\u00f3n, coment\u00f3 a los asistentes que el desempe\u00f1ar la profesi\u00f3n del Trabajador Social es algo que le brinda satisfacci\u00f3n a su vida, pues la ha llevado a conocer nueve pa\u00edses y nuevas personas.<\/p>\n\n\n\n<p>\u201cNuestra carrera es vital para afrontar los cambios de la realidad, por ellos les pido que ampl\u00eden su visi\u00f3n, el trabajo social consiste en no limitarse y en abrir la mente para encontrar otras oportunidades, claro que habr\u00e1 dificultades, pero hay que llevar el mensaje de que, si se puede\u201d, dijo.<\/p>\n\n\n\n<p>Por otro lado, V\u00edctor Hugo Cortez L\u00f3pez del Hospital General del Instituto de Seguridad y Servicios Sociales de los Trabajadores del Estado (ISSSTE), comparti\u00f3 que ejerce la profesi\u00f3n desde hace 22 a\u00f1os, durante los cuales ha recibido la encomienda de desarrollar diversas funciones, entre las que destaca el ser fundador del Colegio de Trabajadores Sociales de Coahuila.<\/p>\n\n\n\n<p>\u201cA m\u00ed me da mucha satisfacci\u00f3n el haber estudiado esto, porque a trav\u00e9s de la carrera puedes ayudar a las personas, en mi caso en el servicio de m\u00e9dico, es un orgullo ser un Trabajador Social\u201d, se\u00f1al\u00f3.<\/p>\n\n\n\n<p>Mientras que, Humberto Salas Jauregui de la Unidad de Servicio de Apoyo a la Educaci\u00f3n Regular (USAER) 144 Educaci\u00f3n Especial, destac\u00f3 que el sector educativo en ocasiones puede ser complicado para un Trabajador Social, ya que a veces no es f\u00e1cil que en las escuelas se apoyen los proyectos que se quieren hacer, por lo que es importante saber cu\u00e1ndo y c\u00f3mo hacer las propuestas.<\/p>\n\n\n\n<p>\u201cUno siempre debe de pensar en que puede aportar al \u00e1rea, buscar la manera y los tiempos para hacer las cosas, ir construyendo un proyecto antes de ingresar al sector educativo y no dejarse llevar por las experiencias de otros, sino enfocarse en lo que se quiere llevar a cabo\u201d, enfatiz\u00f3.<\/p>\n\n\n\n<p>Por otra parte, Naux Miguel Mu\u00f1oz Moreno del Centro Estatal de Evaluaci\u00f3n y Control de Confianza, comparti\u00f3 a los alumnos que se desempe\u00f1a desde hace 14 a\u00f1os en la evaluaci\u00f3n del personal que quiere ingresar a trabajar en el rubro de la seguridad, esto a trav\u00e9s de entrevistas profundas e investigaci\u00f3n.<\/p>\n\n\n\n<p>\u201cLas oportunidades que puedan tener en el campo laboral se la van a formar ustedes mismos, tienen que abrirse camino, identifiquen para que son buenos y qu\u00e9 no les gusta, conozcan todos los campos que hay en la carrera, solo as\u00ed podr\u00e1n elegir qu\u00e9 es lo que quieren hacer\u201d, dijo.<\/p>\n\n\n\n<p>Cada 21 de agosto se celebra en M\u00e9xico el D\u00eda Nacional del Trabajo Social, en honor a los hombres y mujeres que optaron por el camino del servicio a los dem\u00e1s, el trabajador social puede desarrollarse en diferentes \u00e1mbitos laborales, siempre destacando la vocaci\u00f3n por el servicio en busca del bienestar de las personas.<\/p>\n","protected":false},"excerpt":{"rendered":"<p>SALTILLO, Coahuila. 21 de agosto de 2024. Para conmemorar el D\u00eda Nacional del Trabajo Social que se celebra el 21 de agosto, la Universidad Aut\u00f3noma de Coahuila a trav\u00e9s de la Facultad de Trabajo Social, llev\u00f3 a cabo el Segundo Panel \u201cDel Quehacer Profesional del Trabajador Social\u201d. El evento tuvo lugar en la Sala Audiovisual [&hellip;]<\/p>\n","protected":false},"author":1,"featured_media":8650,"comment_status":"open","ping_status":"open","sticky":false,"template":"","format":"standard","meta":{"_monsterinsights_skip_tracking":false,"_monsterinsights_sitenote_active":false,"_monsterinsights_sitenote_note":"","_monsterinsights_sitenote_category":0,"footnotes":""},"categories":[1],"tags":[],"_links":{"self":[{"href":"https:\/\/zonalimitrofe-cbnr.com\/index.php\/wp-json\/wp\/v2\/posts\/8649"}],"collection":[{"href":"https:\/\/zonalimitrofe-cbnr.com\/index.php\/wp-json\/wp\/v2\/posts"}],"about":[{"href":"https:\/\/zonalimitrofe-cbnr.com\/index.php\/wp-json\/wp\/v2\/types\/post"}],"author":[{"embeddable":true,"href":"https:\/\/zonalimitrofe-cbnr.com\/index.php\/wp-json\/wp\/v2\/users\/1"}],"replies":[{"embeddable":true,"href":"https:\/\/zonalimitrofe-cbnr.com\/index.php\/wp-json\/wp\/v2\/comments?post=8649"}],"version-history":[{"count":1,"href":"https:\/\/zonalimitrofe-cbnr.com\/index.php\/wp-json\/wp\/v2\/posts\/8649\/revisions"}],"predecessor-version":[{"id":8651,"href":"https:\/\/zonalimitrofe-cbnr.com\/index.php\/wp-json\/wp\/v2\/posts\/8649\/revisions\/8651"}],"wp:featuredmedia":[{"embeddable":true,"href":"https:\/\/zonalimitrofe-cbnr.com\/index.php\/wp-json\/wp\/v2\/media\/8650"}],"wp:attachment":[{"href":"https:\/\/zonalimitrofe-cbnr.com\/index.php\/wp-json\/wp\/v2\/media?parent=8649"}],"wp:term":[{"taxonomy":"category","embeddable":true,"href":"https:\/\/zonalimitrofe-cbnr.com\/index.php\/wp-json\/wp\/v2\/categories?post=8649"},{"taxonomy":"post_tag","embeddable":true,"href":"https:\/\/zonalimitrofe-cbnr.com\/index.php\/wp-json\/wp\/v2\/tags?post=8649"}],"curies":[{"name":"wp","href":"https:\/\/api.w.org\/{rel}","templated":true}]}}