{"id":8642,"date":"2024-08-21T16:54:20","date_gmt":"2024-08-21T22:54:20","guid":{"rendered":"https:\/\/zonalimitrofe-cbnr.com\/?p=8642"},"modified":"2024-08-21T16:54:21","modified_gmt":"2024-08-21T22:54:21","slug":"torreon-informan-sobre-operativo-de-seguridad-vial-accesos-y-salidas-alternas-a-la-feria-de-torreon","status":"publish","type":"post","link":"https:\/\/zonalimitrofe-cbnr.com\/index.php\/2024\/08\/21\/torreon-informan-sobre-operativo-de-seguridad-vial-accesos-y-salidas-alternas-a-la-feria-de-torreon\/","title":{"rendered":"#Torre\u00f3n. Informan sobre Operativo de Seguridad Vial, accesos y salidas alternas a la Feria de Torre\u00f3n"},"content":{"rendered":"\n<p>Torre\u00f3n, Coahuila a 21 de agosto de 2024.<\/p>\n\n\n\n<p>Para la edici\u00f3n 2024 de la Feria de Torre\u00f3n, y debido a los trabajos de construcci\u00f3n que se realizan por la obra del Giro Independencia, el Municipio, a trav\u00e9s de la Direcci\u00f3n de Vialidad y Movilidad Urbana, dise\u00f1\u00f3 una estrategia de rutas alternas para los accesos y salidas al recinto, con la finalidad de dar fluidez al tr\u00e1fico.<br>En ese sentido, Luis Alberto Morales Cort\u00e9s, director de la dependencia, dio a conocer que el acceso a la Feria que estaba a la altura de las taquillas, este a\u00f1o se mantendr\u00e1 cerrado, e inform\u00f3 sobre las rutas alternas.<br>\u201cLa entrada que normalmente ten\u00edamos aqu\u00ed por el Perif\u00e9rico al lado del puente peatonal frente a Galer\u00edas, se va a cerrar para evitar congesti\u00f3n vehicular. La entrada general ser\u00e1 algunos metros adelante, por la calle que va rumbo al Coliseo\u201d, indic\u00f3.<\/p>\n\n\n\n<p>En cuanto al acceso por el estacionamiento de la Expo Center, se\u00f1al\u00f3 que ser\u00e1 por la calle Antonio Due\u00f1ez Orozco, luego por el bulevar Salom\u00f3n Issa Murra y veinte metros m\u00e1s adelante se encuentra la entrada. Ambas salidas ser\u00e1n por el Perif\u00e9rico Ra\u00fal L\u00f3pez S\u00e1nchez.<\/p>\n\n\n\n<p>Dijo que el operativo de Seguridad Vial para la Feria dar\u00e1 inicio a partir del d\u00eda de inauguraci\u00f3n, el 30 de agosto.<\/p>\n\n\n\n<p>\u201cPara las personas que vienen del norte de la ciudad hacia la Feria, pueden tomar el retorno bajo el puente Villa Florida, ingresar por el bulevar La Nogalera y entrar como si fueran rumbo al Coliseo\u201d, explic\u00f3 el director.<br>Por otra parte, dijo que para quienes desean evitar las obras del Giro Independencia, y se trasladan del norte hacia bulevar Revoluci\u00f3n, pueden tomar el bulevar Centenario y despu\u00e9s la antigua carretera a San Pedro.<br>Morales Cort\u00e9s exhort\u00f3 a la poblaci\u00f3n a mantenerse informada a trav\u00e9s de las redes sociales oficiales del Municipio de Torre\u00f3n y de la direcci\u00f3n, as\u00ed como a seguir las indicaciones de los elementos de Tr\u00e1nsito.<\/p>\n","protected":false},"excerpt":{"rendered":"<p>Torre\u00f3n, Coahuila a 21 de agosto de 2024. Para la edici\u00f3n 2024 de la Feria de Torre\u00f3n, y debido a los trabajos de construcci\u00f3n que se realizan por la obra del Giro Independencia, el Municipio, a trav\u00e9s de la Direcci\u00f3n de Vialidad y Movilidad Urbana, dise\u00f1\u00f3 una estrategia de rutas alternas para los accesos y [&hellip;]<\/p>\n","protected":false},"author":1,"featured_media":8643,"comment_status":"open","ping_status":"open","sticky":false,"template":"","format":"standard","meta":{"_monsterinsights_skip_tracking":false,"_monsterinsights_sitenote_active":false,"_monsterinsights_sitenote_note":"","_monsterinsights_sitenote_category":0,"footnotes":""},"categories":[1],"tags":[],"_links":{"self":[{"href":"https:\/\/zonalimitrofe-cbnr.com\/index.php\/wp-json\/wp\/v2\/posts\/8642"}],"collection":[{"href":"https:\/\/zonalimitrofe-cbnr.com\/index.php\/wp-json\/wp\/v2\/posts"}],"about":[{"href":"https:\/\/zonalimitrofe-cbnr.com\/index.php\/wp-json\/wp\/v2\/types\/post"}],"author":[{"embeddable":true,"href":"https:\/\/zonalimitrofe-cbnr.com\/index.php\/wp-json\/wp\/v2\/users\/1"}],"replies":[{"embeddable":true,"href":"https:\/\/zonalimitrofe-cbnr.com\/index.php\/wp-json\/wp\/v2\/comments?post=8642"}],"version-history":[{"count":1,"href":"https:\/\/zonalimitrofe-cbnr.com\/index.php\/wp-json\/wp\/v2\/posts\/8642\/revisions"}],"predecessor-version":[{"id":8644,"href":"https:\/\/zonalimitrofe-cbnr.com\/index.php\/wp-json\/wp\/v2\/posts\/8642\/revisions\/8644"}],"wp:featuredmedia":[{"embeddable":true,"href":"https:\/\/zonalimitrofe-cbnr.com\/index.php\/wp-json\/wp\/v2\/media\/8643"}],"wp:attachment":[{"href":"https:\/\/zonalimitrofe-cbnr.com\/index.php\/wp-json\/wp\/v2\/media?parent=8642"}],"wp:term":[{"taxonomy":"category","embeddable":true,"href":"https:\/\/zonalimitrofe-cbnr.com\/index.php\/wp-json\/wp\/v2\/categories?post=8642"},{"taxonomy":"post_tag","embeddable":true,"href":"https:\/\/zonalimitrofe-cbnr.com\/index.php\/wp-json\/wp\/v2\/tags?post=8642"}],"curies":[{"name":"wp","href":"https:\/\/api.w.org\/{rel}","templated":true}]}}