{"id":8627,"date":"2024-08-20T18:36:24","date_gmt":"2024-08-21T00:36:24","guid":{"rendered":"https:\/\/zonalimitrofe-cbnr.com\/?p=8627"},"modified":"2024-08-20T18:36:24","modified_gmt":"2024-08-21T00:36:24","slug":"torreon-roman-alberto-cepeda-gonzalez-supervisa-macro-brigada-de-registro-civil-en-torreon","status":"publish","type":"post","link":"https:\/\/zonalimitrofe-cbnr.com\/index.php\/2024\/08\/20\/torreon-roman-alberto-cepeda-gonzalez-supervisa-macro-brigada-de-registro-civil-en-torreon\/","title":{"rendered":"#Torre\u00f3n. Rom\u00e1n Alberto Cepeda Gonz\u00e1lez supervisa Macro Brigada de Registro Civil en Torre\u00f3n"},"content":{"rendered":"\n<p>Torre\u00f3n, Coahuila. A 20 de agosto de 2024.<\/p>\n\n\n\n<p>El alcalde Rom\u00e1n Alberto Cepeda Gonz\u00e1lez realiz\u00f3 un recorrido por los m\u00f3dulos de atenci\u00f3n de la Brigada de Registro Civil, organizada por el Sistema para el Desarrollo Integral de la Familia (DIF) Torre\u00f3n, en coordinaci\u00f3n con el Gobierno del Estado.<\/p>\n\n\n\n<p>La brigada comenz\u00f3 este martes y concluir\u00e1 el d\u00eda de ma\u00f1ana mi\u00e9rcoles en el Auditorio Municipal.<br>&nbsp;<br>La macro brigada se realiza en coordinaci\u00f3n con la Direcci\u00f3n Estatal del Registro Civil y es la s\u00e9ptima que se lleva a cabo en lo que va de la actual Administraci\u00f3n Municipal.<br>&nbsp;<br>El Alcalde inform\u00f3 que la Macro Brigada continuar\u00e1 el d\u00eda de ma\u00f1ana, para apoyar a la ciudadan\u00eda en su econom\u00eda familiar con tr\u00e1mites gratuitos o a bajo costo, adem\u00e1s de facilitar el acceso a servicios que en otro caso, tendr\u00edan que trasladarse hasta la capital del Estado.<br>&nbsp;<br>El Presidente Municipal dijo que con estas acciones se protege el primer derecho humano, que es la identidad de toda persona y adem\u00e1s se atiende a la poblaci\u00f3n m\u00e1s vulnerable, acercando los servicios a sus posibilidades. &nbsp;<br>&nbsp;<br>La se\u00f1ora Selina Bremer de Cepeda, Presidenta Honoraria de DIF Torre\u00f3n, inform\u00f3 que entre los tr\u00e1mites m\u00e1s solicitados en las Macro Brigadas, est\u00e1n la expedici\u00f3n de actas de nacimiento, matrimonio, defunci\u00f3n y for\u00e1neas.<br>&nbsp;<br>As\u00ed como los servicios de registro de nacimiento y certificado de inexistencia, entre otros.<br>&nbsp;<br>\u201cEs un apoyo tambi\u00e9n ahora que regresan a la escuela y deben presentar sus papeles en orden, acercarles el servicio que adem\u00e1s es a un muy bajo costo\u201d, resalt\u00f3 la se\u00f1ora Bremer de Cepeda.<br>&nbsp;<br>Dijo que los costos van desde los 20 a 40 pesos, a excepci\u00f3n del certificado de inexistencia, acta de nacimiento o asesor\u00eda jur\u00eddica, que se brindan de forma gratuita.<br>&nbsp;<br>Explic\u00f3 que los servicios del Registro Civil, como es la expedici\u00f3n de actas, se llevan tambi\u00e9n a las brigadas multidisciplinarias que el DIF Torre\u00f3n hace en colonias y ejidos.<br>&nbsp;<br>En este tipo de Macro Brigadas se entregan hasta mil folios durante los dos d\u00edas de atenci\u00f3n a la ciudadan\u00eda.<br>&nbsp;<br>El d\u00eda de ma\u00f1ana los servicios que se ofrecer\u00e1n en la Macro Brigada ser\u00e1n \u00fanicamente los de inexistencias y expedici\u00f3n de copias de actas, adem\u00e1s de la asesor\u00eda jur\u00eddica.<br>&nbsp;<br>Para realizar alguna aclaraci\u00f3n de acta, los interesados deben llevar copia del libro, documentos oficiales que acrediten el nombre correcto de la persona, copia del acta err\u00f3nea y el INE.<br>&nbsp;<br>Para el tr\u00e1mite de registro de nacimiento o acta de inexistencia, los requisitos son acudir con dos fotograf\u00edas tama\u00f1o infantil a color, acta de nacimiento de los padres, certificado de alumbramiento original e INE de la madre.<br>&nbsp;<br>Ma\u00f1ana mi\u00e9rcoles 21 de agosto, el horario de atenci\u00f3n ser\u00e1 de 09:00 horas hasta concluir con el n\u00famero de folios.<br>&nbsp;<br>Cabe mencionar que hay un l\u00edmite de folios establecido por la Direcci\u00f3n Estatal del Registro Civil. Sin embargo, para quienes lleguen a quedar sin atenci\u00f3n, se programan para la siguiente brigada<\/p>\n","protected":false},"excerpt":{"rendered":"<p>Torre\u00f3n, Coahuila. A 20 de agosto de 2024. El alcalde Rom\u00e1n Alberto Cepeda Gonz\u00e1lez realiz\u00f3 un recorrido por los m\u00f3dulos de atenci\u00f3n de la Brigada de Registro Civil, organizada por el Sistema para el Desarrollo Integral de la Familia (DIF) Torre\u00f3n, en coordinaci\u00f3n con el Gobierno del Estado. La brigada comenz\u00f3 este martes y concluir\u00e1 [&hellip;]<\/p>\n","protected":false},"author":1,"featured_media":8628,"comment_status":"open","ping_status":"open","sticky":false,"template":"","format":"standard","meta":{"_monsterinsights_skip_tracking":false,"_monsterinsights_sitenote_active":false,"_monsterinsights_sitenote_note":"","_monsterinsights_sitenote_category":0,"footnotes":""},"categories":[1],"tags":[],"_links":{"self":[{"href":"https:\/\/zonalimitrofe-cbnr.com\/index.php\/wp-json\/wp\/v2\/posts\/8627"}],"collection":[{"href":"https:\/\/zonalimitrofe-cbnr.com\/index.php\/wp-json\/wp\/v2\/posts"}],"about":[{"href":"https:\/\/zonalimitrofe-cbnr.com\/index.php\/wp-json\/wp\/v2\/types\/post"}],"author":[{"embeddable":true,"href":"https:\/\/zonalimitrofe-cbnr.com\/index.php\/wp-json\/wp\/v2\/users\/1"}],"replies":[{"embeddable":true,"href":"https:\/\/zonalimitrofe-cbnr.com\/index.php\/wp-json\/wp\/v2\/comments?post=8627"}],"version-history":[{"count":1,"href":"https:\/\/zonalimitrofe-cbnr.com\/index.php\/wp-json\/wp\/v2\/posts\/8627\/revisions"}],"predecessor-version":[{"id":8629,"href":"https:\/\/zonalimitrofe-cbnr.com\/index.php\/wp-json\/wp\/v2\/posts\/8627\/revisions\/8629"}],"wp:featuredmedia":[{"embeddable":true,"href":"https:\/\/zonalimitrofe-cbnr.com\/index.php\/wp-json\/wp\/v2\/media\/8628"}],"wp:attachment":[{"href":"https:\/\/zonalimitrofe-cbnr.com\/index.php\/wp-json\/wp\/v2\/media?parent=8627"}],"wp:term":[{"taxonomy":"category","embeddable":true,"href":"https:\/\/zonalimitrofe-cbnr.com\/index.php\/wp-json\/wp\/v2\/categories?post=8627"},{"taxonomy":"post_tag","embeddable":true,"href":"https:\/\/zonalimitrofe-cbnr.com\/index.php\/wp-json\/wp\/v2\/tags?post=8627"}],"curies":[{"name":"wp","href":"https:\/\/api.w.org\/{rel}","templated":true}]}}