{"id":8362,"date":"2024-08-14T17:42:22","date_gmt":"2024-08-14T23:42:22","guid":{"rendered":"https:\/\/zonalimitrofe-cbnr.com\/?p=8362"},"modified":"2024-08-14T17:42:22","modified_gmt":"2024-08-14T23:42:22","slug":"lerdo-anuncia-homero-martinez-y-susy-torrecillas-construccion-de-corralon-y-oficinas-de-limpieza-en-lerdo","status":"publish","type":"post","link":"https:\/\/zonalimitrofe-cbnr.com\/index.php\/2024\/08\/14\/lerdo-anuncia-homero-martinez-y-susy-torrecillas-construccion-de-corralon-y-oficinas-de-limpieza-en-lerdo\/","title":{"rendered":"#Lerdo. ANUNCIA HOMERO MART\u00cdNEZ Y SUSY TORRECILLAS CONSTRUCCI\u00d3N DE CORRAL\u00d3N Y OFICINAS DE LIMPIEZA EN LERDO*"},"content":{"rendered":"\n<p>Lerdo, 14 de agosto 2024.- En un esfuerzo por mejorar la infraestructura de servicios p\u00fablicos, el Alcalde de Lerdo Homero Mart\u00ednez Cabrera, acompa\u00f1ado por la diputada Susy Torrecillas, anunci\u00f3 oficialmente la construcci\u00f3n de un nuevo Corral\u00f3n y Oficinas para el Departamento de Limpieza en Lerdo. Este proyecto contar\u00e1 con una inversi\u00f3n de 2.8 millones de pesos y permitir\u00e1 resguardar los camiones de basura, as\u00ed como atender de manera m\u00e1s eficiente las solicitudes de la ciudadan\u00eda.<\/p>\n\n\n\n<p>El nuevo espacio estar\u00e1 ubicado frente al Tec Lerdo y ya cuenta con un avance del 40%, por lo que se espera, la obra concluya en aproximadamente dos meses. Adem\u00e1s, durante el anuncio, se inform\u00f3 que en los pr\u00f3ximos d\u00edas se iniciar\u00e1 con la ampliaci\u00f3n del Boulevard Tecnol\u00f3gico a cuatro carriles, lo que ayudar\u00e1 a agilizar el tr\u00e1fico vehicular, adapt\u00e1ndose al crecimiento de la ciudad en el sector norponiente.<\/p>\n\n\n\n<p>El Presidente Municipal destac\u00f3 que estas acciones forman parte de un plan integral para el crecimiento ordenado de la ciudad, enfoc\u00e1ndose en la creaci\u00f3n de espacios p\u00fablicos de calidad y en el desarrollo de vialidades estrat\u00e9gicas que mejoren los tiempos de traslado de los ciudadanos.<\/p>\n\n\n\n<p>Actualmente, los camiones de recolecci\u00f3n de basura se encuentran en un espacio arrendado conocido como la \u201cCarnation\u201d, mismo que no cuenta con oficinas para la atenci\u00f3n al p\u00fablico y, al ser un inmueble rentado, no se pod\u00eda invertir en su rehabilitaci\u00f3n. Por ello, se tom\u00f3 la decisi\u00f3n de reubicar estas instalaciones.<\/p>\n\n\n\n<p>\u201cEl d\u00eda que yo me vaya, ser\u00e1 historia el pagar por arrendamiento de espacios de gobierno. El objetivo es que todos los inmuebles sean propiedad del municipio, y por eso estamos reubicando dependencias y rehabilitando oficinas propias para garantizar una atenci\u00f3n de calidad a la ciudadan\u00eda\u201d, declar\u00f3 Homero Mart\u00ednez.<\/p>\n\n\n\n<p>Con estas acciones de creaci\u00f3n de espacios y reubicaci\u00f3n de todas las oficinas e Institutos Municipales, se espera generar un ahorro anual de 6 millones de pesos, lo que representa un gran legado para el municipio. Estos recursos podr\u00e1n ser destinados a obras p\u00fablicas y a la mejora de servicios p\u00fablicos.<\/p>\n\n\n\n<p>Por su parte, la diputada Susy Torrecillas calific\u00f3 esta reubicaci\u00f3n del Departamento de Limpieza como una gran apuesta para mejorar el servicio de recolecci\u00f3n de basura en la ciudad, uno de los servicios p\u00fablicos m\u00e1s importantes en el municipio.<\/p>\n\n\n\n<p>En cuanto al director de Servicios P\u00fablicos, Javier Urruticochea Ortiz, agradeci\u00f3 la obra, se\u00f1alando que administraciones anteriores no hab\u00edan dado prioridad a este proyecto tan necesario para dignificar el servicio de recolecci\u00f3n de basura.<\/p>\n\n\n\n<p>En este anuncio de obra, tambi\u00e9n se cont\u00f3 con la presencia del secretario del Ayuntamiento, Eduardo Lara; el secretario t\u00e9cnico, Ram\u00f3n Acosta; el director de Obras P\u00fablicas, Antonio S\u00e1nchez; los regidores, Mar\u00eda Luisa Gonz\u00e1lez y Juan Jos\u00e9 Carrillo.<\/p>\n","protected":false},"excerpt":{"rendered":"<p>Lerdo, 14 de agosto 2024.- En un esfuerzo por mejorar la infraestructura de servicios p\u00fablicos, el Alcalde de Lerdo Homero Mart\u00ednez Cabrera, acompa\u00f1ado por la diputada Susy Torrecillas, anunci\u00f3 oficialmente la construcci\u00f3n de un nuevo Corral\u00f3n y Oficinas para el Departamento de Limpieza en Lerdo. Este proyecto contar\u00e1 con una inversi\u00f3n de 2.8 millones de [&hellip;]<\/p>\n","protected":false},"author":1,"featured_media":8363,"comment_status":"open","ping_status":"open","sticky":false,"template":"","format":"standard","meta":{"_monsterinsights_skip_tracking":false,"_monsterinsights_sitenote_active":false,"_monsterinsights_sitenote_note":"","_monsterinsights_sitenote_category":0,"footnotes":""},"categories":[1],"tags":[],"_links":{"self":[{"href":"https:\/\/zonalimitrofe-cbnr.com\/index.php\/wp-json\/wp\/v2\/posts\/8362"}],"collection":[{"href":"https:\/\/zonalimitrofe-cbnr.com\/index.php\/wp-json\/wp\/v2\/posts"}],"about":[{"href":"https:\/\/zonalimitrofe-cbnr.com\/index.php\/wp-json\/wp\/v2\/types\/post"}],"author":[{"embeddable":true,"href":"https:\/\/zonalimitrofe-cbnr.com\/index.php\/wp-json\/wp\/v2\/users\/1"}],"replies":[{"embeddable":true,"href":"https:\/\/zonalimitrofe-cbnr.com\/index.php\/wp-json\/wp\/v2\/comments?post=8362"}],"version-history":[{"count":1,"href":"https:\/\/zonalimitrofe-cbnr.com\/index.php\/wp-json\/wp\/v2\/posts\/8362\/revisions"}],"predecessor-version":[{"id":8364,"href":"https:\/\/zonalimitrofe-cbnr.com\/index.php\/wp-json\/wp\/v2\/posts\/8362\/revisions\/8364"}],"wp:featuredmedia":[{"embeddable":true,"href":"https:\/\/zonalimitrofe-cbnr.com\/index.php\/wp-json\/wp\/v2\/media\/8363"}],"wp:attachment":[{"href":"https:\/\/zonalimitrofe-cbnr.com\/index.php\/wp-json\/wp\/v2\/media?parent=8362"}],"wp:term":[{"taxonomy":"category","embeddable":true,"href":"https:\/\/zonalimitrofe-cbnr.com\/index.php\/wp-json\/wp\/v2\/categories?post=8362"},{"taxonomy":"post_tag","embeddable":true,"href":"https:\/\/zonalimitrofe-cbnr.com\/index.php\/wp-json\/wp\/v2\/tags?post=8362"}],"curies":[{"name":"wp","href":"https:\/\/api.w.org\/{rel}","templated":true}]}}