{"id":8359,"date":"2024-08-14T17:38:11","date_gmt":"2024-08-14T23:38:11","guid":{"rendered":"https:\/\/zonalimitrofe-cbnr.com\/?p=8359"},"modified":"2024-08-14T17:38:11","modified_gmt":"2024-08-14T23:38:11","slug":"durango-fortalece-esteban-villegas-promocion-de-durango-en-el-extranjero-anuncia-su-quinta-gira-internacional-de-trabajo","status":"publish","type":"post","link":"https:\/\/zonalimitrofe-cbnr.com\/index.php\/2024\/08\/14\/durango-fortalece-esteban-villegas-promocion-de-durango-en-el-extranjero-anuncia-su-quinta-gira-internacional-de-trabajo\/","title":{"rendered":"#Durango. Fortalece Esteban Villegas promoci\u00f3n de Durango en el extranjero; anuncia su quinta gira internacional de trabajo*"},"content":{"rendered":"\n<ul>\n<li><em>Junto con su equipo de inversiones, el Gobernador sostendr\u00e1 encuentros y seminarios en Los \u00c1ngeles, California, con empresas de cinematograf\u00eda, agroindustria, tecnolog\u00eda e incubadoras de negocios.<\/em><\/li>\n<\/ul>\n\n\n\n<p>Gracias a las giras de promoci\u00f3n de Durango por el extranjero, se favorece la actividad econ\u00f3mica y el empleo en la entidad conforme se establecen las nuevas inversiones, afirm\u00f3 el gobernador Esteban Villegas Villarreal al dar a conocer que en pr\u00f3ximos d\u00edas realizar\u00e1 junto con su equipo de inversiones, la quinta gira internacional, donde participar\u00e1 en reuniones y seminarios en los \u00c1ngeles California, con empresas de cinematograf\u00eda, agroindustria, tecnolog\u00eda e incubadoras de negocios.<\/p>\n\n\n\n<p>\u201cEste mes voy a Estados Unidos, vamos a los \u00c1ngeles a ver algunas empresas y tambi\u00e9n vamos a ver directivos de plataformas cinematogr\u00e1ficas como Netflix, Amazon y por confirmar otras empresas\u201d, detall\u00f3 el Mandatario Estatal, al recalcar que dichas acciones son parte de su labor como Ejecutivo Estatal, de buscar los lazos de amistad y comerciales con los diferentes pa\u00edses a favor de un bien com\u00fan, \u201cespero podamos traer buenos resultados\u201d, indic\u00f3.<\/p>\n\n\n\n<p>A trav\u00e9s de la Secretar\u00eda de Desarrollo Econ\u00f3mico (Sedeco) y de la Unidad de Atracci\u00f3n de Inversiones Extranjeras, se fortalece la promoci\u00f3n de Durango en la Uni\u00f3n Americana, por ello se llevar\u00e1 tambi\u00e9n una agenda econ\u00f3mica en la ciudad de Los \u00c1ngeles, California, coincidi\u00f3 el subsecretario de la dependencia en menci\u00f3n, en La Laguna, Arturo Ortiz Gal\u00e1n, al informar que, a partir del 16 de agosto se llevar\u00e1 a cabo esta gira del Gobernador y del equipo de trabajo de inversiones.<\/p>\n\n\n\n<p>A la fecha se tienen programadas 12 reuniones de alto valor y se desarrollar\u00e1 un seminario para 20 probables inversores que han externado su inter\u00e9s de venir a Durango, \u201cel gobernador Esteban nos ha instruido a darle mucho movimiento a la promoci\u00f3n del estado y sus bondades como son la ubicaci\u00f3n geogr\u00e1fica, la seguridad en la entidad, recursos naturales, mano de obra calificada, la paz social, aspectos importantes para los inversionistas al momento de tomar su decisi\u00f3n\u201d precis\u00f3 el subsecretario de SEDECO en La Laguna.<\/p>\n\n\n\n<p>\u201cYo creo que nunca hab\u00eda llegado a una inversi\u00f3n tan importante como ahora con Esteban Villegas; ya que de las 31 empresas confirmadas para instalarse en Durango, significan m\u00e1s de 30 mil 300 millones de pesos de inversi\u00f3n extranjera directa y 26 mil empleos directos en todo el estado y la Laguna\u201d, expres\u00f3.<\/p>\n\n\n\n<p>En ese sentido, record\u00f3 que la apertura de Vishay fueron 500 empleos; en Sensata, m\u00e1s de 3 mil empleos, Yura en Lerdo y Mapim\u00ed, as\u00ed como Liga Mayor en Tlahualilo, que son empleos que han reactivado a La Laguna de Durango.<\/p>\n\n\n\n<p>Finalmente, el Gobernador Esteban revel\u00f3 que hay m\u00e1s de 10 nuevas empresa con quien se est\u00e1 en proceso de cerrar negociaciones est\u00e1n cerrando, varias de ellas producto de su atracci\u00f3n tras las giras internacionales con las que se busca darle un nuevo rumbo econ\u00f3mico a Durango.<\/p>\n","protected":false},"excerpt":{"rendered":"<p>Gracias a las giras de promoci\u00f3n de Durango por el extranjero, se favorece la actividad econ\u00f3mica y el empleo en la entidad conforme se establecen las nuevas inversiones, afirm\u00f3 el gobernador Esteban Villegas Villarreal al dar a conocer que en pr\u00f3ximos d\u00edas realizar\u00e1 junto con su equipo de inversiones, la quinta gira internacional, donde participar\u00e1 [&hellip;]<\/p>\n","protected":false},"author":1,"featured_media":8360,"comment_status":"open","ping_status":"open","sticky":false,"template":"","format":"standard","meta":{"_monsterinsights_skip_tracking":false,"_monsterinsights_sitenote_active":false,"_monsterinsights_sitenote_note":"","_monsterinsights_sitenote_category":0,"footnotes":""},"categories":[1],"tags":[],"_links":{"self":[{"href":"https:\/\/zonalimitrofe-cbnr.com\/index.php\/wp-json\/wp\/v2\/posts\/8359"}],"collection":[{"href":"https:\/\/zonalimitrofe-cbnr.com\/index.php\/wp-json\/wp\/v2\/posts"}],"about":[{"href":"https:\/\/zonalimitrofe-cbnr.com\/index.php\/wp-json\/wp\/v2\/types\/post"}],"author":[{"embeddable":true,"href":"https:\/\/zonalimitrofe-cbnr.com\/index.php\/wp-json\/wp\/v2\/users\/1"}],"replies":[{"embeddable":true,"href":"https:\/\/zonalimitrofe-cbnr.com\/index.php\/wp-json\/wp\/v2\/comments?post=8359"}],"version-history":[{"count":1,"href":"https:\/\/zonalimitrofe-cbnr.com\/index.php\/wp-json\/wp\/v2\/posts\/8359\/revisions"}],"predecessor-version":[{"id":8361,"href":"https:\/\/zonalimitrofe-cbnr.com\/index.php\/wp-json\/wp\/v2\/posts\/8359\/revisions\/8361"}],"wp:featuredmedia":[{"embeddable":true,"href":"https:\/\/zonalimitrofe-cbnr.com\/index.php\/wp-json\/wp\/v2\/media\/8360"}],"wp:attachment":[{"href":"https:\/\/zonalimitrofe-cbnr.com\/index.php\/wp-json\/wp\/v2\/media?parent=8359"}],"wp:term":[{"taxonomy":"category","embeddable":true,"href":"https:\/\/zonalimitrofe-cbnr.com\/index.php\/wp-json\/wp\/v2\/categories?post=8359"},{"taxonomy":"post_tag","embeddable":true,"href":"https:\/\/zonalimitrofe-cbnr.com\/index.php\/wp-json\/wp\/v2\/tags?post=8359"}],"curies":[{"name":"wp","href":"https:\/\/api.w.org\/{rel}","templated":true}]}}