{"id":8350,"date":"2024-08-14T17:27:03","date_gmt":"2024-08-14T23:27:03","guid":{"rendered":"https:\/\/zonalimitrofe-cbnr.com\/?p=8350"},"modified":"2024-08-14T17:27:03","modified_gmt":"2024-08-14T23:27:03","slug":"torreon-ofrecen-conferencia-descubre-tu-pasion-forja-tu-futuro-a-servidores-publicos-municipales-y-sus-hijos","status":"publish","type":"post","link":"https:\/\/zonalimitrofe-cbnr.com\/index.php\/2024\/08\/14\/torreon-ofrecen-conferencia-descubre-tu-pasion-forja-tu-futuro-a-servidores-publicos-municipales-y-sus-hijos\/","title":{"rendered":"#Torre\u00f3n. Ofrecen conferencia \u201cDescubre tu pasi\u00f3n, forja tu futuro\u201d, a servidores p\u00fablicos municipales y sus hijos"},"content":{"rendered":"\n<p><br>Torre\u00f3n, Coahuila. A 14 de agosto de 2024<br>Dirigido a empleados municipales y sus hijos, con edades comprendidas entre los 13 y 18 a\u00f1os, La Direcci\u00f3n de Desarrollo Institucional llev\u00f3 a cabo la conferencia \u201cDescubre tu pasi\u00f3n, forja tu futuro\u201d, con temas enfocados a que los j\u00f3venes encuentren su vocaci\u00f3n.<br>El titular de la dependencia, Gustavo Mu\u00f1oz L\u00f3pez, explic\u00f3 que la conferencia tuvo como finalidad principal motivar a los j\u00f3venes asistentes a descubrir su potencial, y proporcionarles las herramientas necesarias para que encuentren su vocaci\u00f3n.<br>Rafael Olivares Garc\u00eda, titular de Calidad y Mejora Regulatoria de la misma direcci\u00f3n, destac\u00f3 la importancia de este tipo de eventos y la intenci\u00f3n de replicarlos en el futuro.<br>&#8220;Es fundamental que tanto los servidores p\u00fablicos, como sus familias tengan acceso a estos espacios de crecimiento personal y profesional, pues esto beneficia en su desempe\u00f1o laboral para el Municipio&#8221;, afirm\u00f3 el funcionario.<br>Dijo que la conferencia marca el inicio de una serie de actividades que se pretende realizar en conjunto con la Direcci\u00f3n de la Juventud, especialmente dirigidas a los estudiantes de bachillerato.<br>&#8220;Queremos promover la reflexi\u00f3n sobre la elecci\u00f3n vocacional que mejor se alinee con sus intereses y habilidades. Que los j\u00f3venes est\u00e9n mejor preparados para tomar decisiones informadas sobre su futuro profesional&#8221;, a\u00f1adi\u00f3.<br>Olivares Garc\u00eda destac\u00f3 que la conferencia estuvo a cargo de F\u00e9lix Eduardo Reza, un experto en temas vocacionales con experiencia en el trabajo con j\u00f3venes y adultos.<br>Indic\u00f3 que con esta iniciativa, la Administraci\u00f3n Municipal reafirma su compromiso de apoyar a los servidores p\u00fablicos y sus familias, brind\u00e1ndoles oportunidades de crecimiento personal y profesional.<\/p>\n","protected":false},"excerpt":{"rendered":"<p>Torre\u00f3n, Coahuila. A 14 de agosto de 2024Dirigido a empleados municipales y sus hijos, con edades comprendidas entre los 13 y 18 a\u00f1os, La Direcci\u00f3n de Desarrollo Institucional llev\u00f3 a cabo la conferencia \u201cDescubre tu pasi\u00f3n, forja tu futuro\u201d, con temas enfocados a que los j\u00f3venes encuentren su vocaci\u00f3n.El titular de la dependencia, Gustavo Mu\u00f1oz [&hellip;]<\/p>\n","protected":false},"author":1,"featured_media":8351,"comment_status":"open","ping_status":"open","sticky":false,"template":"","format":"standard","meta":{"_monsterinsights_skip_tracking":false,"_monsterinsights_sitenote_active":false,"_monsterinsights_sitenote_note":"","_monsterinsights_sitenote_category":0,"footnotes":""},"categories":[1],"tags":[],"_links":{"self":[{"href":"https:\/\/zonalimitrofe-cbnr.com\/index.php\/wp-json\/wp\/v2\/posts\/8350"}],"collection":[{"href":"https:\/\/zonalimitrofe-cbnr.com\/index.php\/wp-json\/wp\/v2\/posts"}],"about":[{"href":"https:\/\/zonalimitrofe-cbnr.com\/index.php\/wp-json\/wp\/v2\/types\/post"}],"author":[{"embeddable":true,"href":"https:\/\/zonalimitrofe-cbnr.com\/index.php\/wp-json\/wp\/v2\/users\/1"}],"replies":[{"embeddable":true,"href":"https:\/\/zonalimitrofe-cbnr.com\/index.php\/wp-json\/wp\/v2\/comments?post=8350"}],"version-history":[{"count":1,"href":"https:\/\/zonalimitrofe-cbnr.com\/index.php\/wp-json\/wp\/v2\/posts\/8350\/revisions"}],"predecessor-version":[{"id":8352,"href":"https:\/\/zonalimitrofe-cbnr.com\/index.php\/wp-json\/wp\/v2\/posts\/8350\/revisions\/8352"}],"wp:featuredmedia":[{"embeddable":true,"href":"https:\/\/zonalimitrofe-cbnr.com\/index.php\/wp-json\/wp\/v2\/media\/8351"}],"wp:attachment":[{"href":"https:\/\/zonalimitrofe-cbnr.com\/index.php\/wp-json\/wp\/v2\/media?parent=8350"}],"wp:term":[{"taxonomy":"category","embeddable":true,"href":"https:\/\/zonalimitrofe-cbnr.com\/index.php\/wp-json\/wp\/v2\/categories?post=8350"},{"taxonomy":"post_tag","embeddable":true,"href":"https:\/\/zonalimitrofe-cbnr.com\/index.php\/wp-json\/wp\/v2\/tags?post=8350"}],"curies":[{"name":"wp","href":"https:\/\/api.w.org\/{rel}","templated":true}]}}