{"id":8347,"date":"2024-08-14T17:22:16","date_gmt":"2024-08-14T23:22:16","guid":{"rendered":"https:\/\/zonalimitrofe-cbnr.com\/?p=8347"},"modified":"2024-08-14T17:22:17","modified_gmt":"2024-08-14T23:22:17","slug":"uadec-realizan-uadec-y-scjn-curso-de-actualizacion-y-formacion-en-tutores-y-coordinadores-de-tutorias","status":"publish","type":"post","link":"https:\/\/zonalimitrofe-cbnr.com\/index.php\/2024\/08\/14\/uadec-realizan-uadec-y-scjn-curso-de-actualizacion-y-formacion-en-tutores-y-coordinadores-de-tutorias\/","title":{"rendered":"#UAdeC. Realizan UAdeC y SCJN Curso de Actualizaci\u00f3n y Formaci\u00f3n en Tutores y Coordinadores de Tutor\u00edas"},"content":{"rendered":"\n<p>SALTILLO, Coahuila. 14 de agosto de 2024. Gracias a la colaboraci\u00f3n entre la Universidad Aut\u00f3noma de Coahuila y la Casa de la Cultura Jur\u00eddica de la Suprema Corte de Justicia de la Naci\u00f3n, llevaron a cabo el segundo m\u00f3dulo del Curso de Actualizaci\u00f3n y Formaci\u00f3n en Tutores y Coordinadores de Tutor\u00edas los d\u00edas 12,13 y 14 de agosto.<\/p>\n\n\n\n<p>El objetivo es dotar de herramientas estrat\u00e9gicas para llevar de manera m\u00e1s eficiente la actividad tutorial dentro de la Universidad y con ello, promover y procurar la salud integral de la poblaci\u00f3n estudiantil y de la comunidad universitaria en general, que son actividades centrales del Programa Institucional de Tutor\u00edas de la Subdirecci\u00f3n de Superaci\u00f3n Acad\u00e9mica de la Direcci\u00f3n de Asuntos Acad\u00e9micos de la UAdeC.<\/p>\n\n\n\n<p>El curso se desarrolla de manera h\u00edbrida con p\u00fablico en las instalaciones de la Casa de la Cultura Jur\u00eddica y con audiencia a trav\u00e9s de la plataforma Zoom, con la participaci\u00f3n de docentes, tutores, coordinadores de tutor\u00edas de las unidades acad\u00e9micas y comunidad en general, contando con 91 personas de manera presencial y 390 en l\u00ednea.<\/p>\n\n\n\n<p>El subdirector de Superaci\u00f3n Acad\u00e9mica, Jes\u00fas Rabindranath Galv\u00e1n Gil, agradeci\u00f3 a nombre del rector Octavio Pimentel y de la directora de Asuntos Acad\u00e9micos, Adriana Centeno, el respaldo de esta instituci\u00f3n, as\u00ed como por la participaci\u00f3n de los ponentes y expertos en el \u00e1rea.<\/p>\n\n\n\n<p>Resalt\u00f3 la importancia de esta colaboraci\u00f3n, ya que se\u00f1al\u00f3 abre una oportunidad puntual de preparaci\u00f3n legal y en derechos humanos, para todos los docentes que fungen como tutores y autoridades que procuran el bienestar de su comunidad en un ambiente de equidad e igualdad.<\/p>\n\n\n\n<p>Por su parte, el titular de la Casa de la Cultura Jur\u00eddica de la Suprema Corte de Justicia de la Naci\u00f3n en Saltillo, Roberto Giacoman Gidi, dio la bienvenida y felicit\u00f3 a la Universidad Aut\u00f3noma de Coahuila por impulsar iniciativas que ayuden a crear una mejor cultura jur\u00eddica en la sociedad acad\u00e9mica y comunidad universitaria, al tiempo que refrend\u00f3 el compromiso de esta instituci\u00f3n con la comunidad coahuilense.<\/p>\n\n\n\n<p>Durante las sesiones se abordan los siguientes temas: La importancia de los Derechos Humanos en la Educaci\u00f3n, La responsabilidad legal de los docentes, los<\/p>\n\n\n\n<p>tutores y las instituciones educativas y El rol del docente y el tutor frente a menores infractores y menores v\u00edctimas de delitos.<\/p>\n\n\n\n<p>El tercer m\u00f3dulo se llevar\u00e1 a cabo el 22 y 23 de agosto y se hablar\u00e1 sobre La importancia de la salud mental en la comunidad educativa y c\u00f3mo fomentar los factores protectores en estudiantes para prevenir el consumo de sustancias; el cuarto m\u00f3dulo se desarrollar\u00e1 el 29 de agosto con Nuevas herramientas tutoriales: uso de nueva plataforma de registro de tutor\u00edas.<\/p>\n\n\n\n<p>La UAdeC invita a la comunidad acad\u00e9mica y universitaria de todo el estado a que participen en esta capacitaci\u00f3n para la actividad tutorial, para ello ingresar en el siguiente enlace https:\/\/us06web.zoom.us\/j\/88445461992.<\/p>\n","protected":false},"excerpt":{"rendered":"<p>SALTILLO, Coahuila. 14 de agosto de 2024. Gracias a la colaboraci\u00f3n entre la Universidad Aut\u00f3noma de Coahuila y la Casa de la Cultura Jur\u00eddica de la Suprema Corte de Justicia de la Naci\u00f3n, llevaron a cabo el segundo m\u00f3dulo del Curso de Actualizaci\u00f3n y Formaci\u00f3n en Tutores y Coordinadores de Tutor\u00edas los d\u00edas 12,13 y [&hellip;]<\/p>\n","protected":false},"author":1,"featured_media":8348,"comment_status":"open","ping_status":"open","sticky":false,"template":"","format":"standard","meta":{"_monsterinsights_skip_tracking":false,"_monsterinsights_sitenote_active":false,"_monsterinsights_sitenote_note":"","_monsterinsights_sitenote_category":0,"footnotes":""},"categories":[1],"tags":[],"_links":{"self":[{"href":"https:\/\/zonalimitrofe-cbnr.com\/index.php\/wp-json\/wp\/v2\/posts\/8347"}],"collection":[{"href":"https:\/\/zonalimitrofe-cbnr.com\/index.php\/wp-json\/wp\/v2\/posts"}],"about":[{"href":"https:\/\/zonalimitrofe-cbnr.com\/index.php\/wp-json\/wp\/v2\/types\/post"}],"author":[{"embeddable":true,"href":"https:\/\/zonalimitrofe-cbnr.com\/index.php\/wp-json\/wp\/v2\/users\/1"}],"replies":[{"embeddable":true,"href":"https:\/\/zonalimitrofe-cbnr.com\/index.php\/wp-json\/wp\/v2\/comments?post=8347"}],"version-history":[{"count":1,"href":"https:\/\/zonalimitrofe-cbnr.com\/index.php\/wp-json\/wp\/v2\/posts\/8347\/revisions"}],"predecessor-version":[{"id":8349,"href":"https:\/\/zonalimitrofe-cbnr.com\/index.php\/wp-json\/wp\/v2\/posts\/8347\/revisions\/8349"}],"wp:featuredmedia":[{"embeddable":true,"href":"https:\/\/zonalimitrofe-cbnr.com\/index.php\/wp-json\/wp\/v2\/media\/8348"}],"wp:attachment":[{"href":"https:\/\/zonalimitrofe-cbnr.com\/index.php\/wp-json\/wp\/v2\/media?parent=8347"}],"wp:term":[{"taxonomy":"category","embeddable":true,"href":"https:\/\/zonalimitrofe-cbnr.com\/index.php\/wp-json\/wp\/v2\/categories?post=8347"},{"taxonomy":"post_tag","embeddable":true,"href":"https:\/\/zonalimitrofe-cbnr.com\/index.php\/wp-json\/wp\/v2\/tags?post=8347"}],"curies":[{"name":"wp","href":"https:\/\/api.w.org\/{rel}","templated":true}]}}