{"id":8297,"date":"2024-08-12T14:57:27","date_gmt":"2024-08-12T20:57:27","guid":{"rendered":"https:\/\/zonalimitrofe-cbnr.com\/?p=8297"},"modified":"2024-08-12T14:57:27","modified_gmt":"2024-08-12T20:57:27","slug":"lerdo-personal-del-instituto-de-la-mujer-se-mantiene-en-constante-actualizacion","status":"publish","type":"post","link":"https:\/\/zonalimitrofe-cbnr.com\/index.php\/2024\/08\/12\/lerdo-personal-del-instituto-de-la-mujer-se-mantiene-en-constante-actualizacion\/","title":{"rendered":"#Lerdo. PERSONAL DEL INSTITUTO DE LA MUJER SE MANTIENE EN CONSTANTE ACTUALIZACI\u00d3N*"},"content":{"rendered":"\n<p>Lerdo, 12 de agosto 2024.- La directora del Instituto Municipal de la Mujer (IMM) en Lerdo, Mar\u00eda del Refugio Adame G\u00fcereca, comparti\u00f3 que junto a la Coordinadora de la dependencia, Guadalupe Burciaga, llevan a cabo un diplomado para fortalecer las capacidades t\u00e9cnicas y brindar un servicio m\u00e1s eficiente a la ciudadan\u00eda.<\/p>\n\n\n\n<p>Este diplomado de capacitaci\u00f3n, evaluaci\u00f3n y certificaci\u00f3n en el Est\u00e1ndar de Competencia: EC0779, atiende la Transversalizaci\u00f3n de la perspectiva de g\u00e9nero en la administraci\u00f3n p\u00fablica municipal.<\/p>\n\n\n\n<p>Dicha capacitaci\u00f3n dio inicio el 5 de julio y concluir\u00e1 el 18 de octubre del presente mes, impartida por la Maestra Juanis Ullola, y evaluada por el Dr. Jos\u00e9 Serrano, de la Universidad Empresarial de La Laguna (UEL).<\/p>\n\n\n\n<p>As\u00ed mismo, la funcionaria se\u00f1al\u00f3, que en el instituto se desarrolla, para las usuarias, el programa de capacitaci\u00f3n, evaluaci\u00f3n y certificaci\u00f3n, en base a Est\u00e1ndares de Competencia del CONOCER, impartiendo el curso de Mantenimiento a equipo de c\u00f3mputo y de Atenci\u00f3n a Primeros Auxilios a personas Lesionadas\/Afectadas.<\/p>\n\n\n\n<p>Por ello, reconoci\u00f3 el compromiso y el trabajo que realiza constantemente el Presidente Municipal Homero Mart\u00ednez Cabrera, impulsor de la igualdad de g\u00e9nero en el municipio, quien busca fortalecer y empoderar a las mujeres para que cuenten con mayores oportunidades en el mundo laboral y puedan generar un sustento extra para su hogar. \u200e<\/p>\n","protected":false},"excerpt":{"rendered":"<p>Lerdo, 12 de agosto 2024.- La directora del Instituto Municipal de la Mujer (IMM) en Lerdo, Mar\u00eda del Refugio Adame G\u00fcereca, comparti\u00f3 que junto a la Coordinadora de la dependencia, Guadalupe Burciaga, llevan a cabo un diplomado para fortalecer las capacidades t\u00e9cnicas y brindar un servicio m\u00e1s eficiente a la ciudadan\u00eda. Este diplomado de capacitaci\u00f3n, [&hellip;]<\/p>\n","protected":false},"author":1,"featured_media":8298,"comment_status":"open","ping_status":"open","sticky":false,"template":"","format":"standard","meta":{"_monsterinsights_skip_tracking":false,"_monsterinsights_sitenote_active":false,"_monsterinsights_sitenote_note":"","_monsterinsights_sitenote_category":0,"footnotes":""},"categories":[1],"tags":[],"_links":{"self":[{"href":"https:\/\/zonalimitrofe-cbnr.com\/index.php\/wp-json\/wp\/v2\/posts\/8297"}],"collection":[{"href":"https:\/\/zonalimitrofe-cbnr.com\/index.php\/wp-json\/wp\/v2\/posts"}],"about":[{"href":"https:\/\/zonalimitrofe-cbnr.com\/index.php\/wp-json\/wp\/v2\/types\/post"}],"author":[{"embeddable":true,"href":"https:\/\/zonalimitrofe-cbnr.com\/index.php\/wp-json\/wp\/v2\/users\/1"}],"replies":[{"embeddable":true,"href":"https:\/\/zonalimitrofe-cbnr.com\/index.php\/wp-json\/wp\/v2\/comments?post=8297"}],"version-history":[{"count":1,"href":"https:\/\/zonalimitrofe-cbnr.com\/index.php\/wp-json\/wp\/v2\/posts\/8297\/revisions"}],"predecessor-version":[{"id":8299,"href":"https:\/\/zonalimitrofe-cbnr.com\/index.php\/wp-json\/wp\/v2\/posts\/8297\/revisions\/8299"}],"wp:featuredmedia":[{"embeddable":true,"href":"https:\/\/zonalimitrofe-cbnr.com\/index.php\/wp-json\/wp\/v2\/media\/8298"}],"wp:attachment":[{"href":"https:\/\/zonalimitrofe-cbnr.com\/index.php\/wp-json\/wp\/v2\/media?parent=8297"}],"wp:term":[{"taxonomy":"category","embeddable":true,"href":"https:\/\/zonalimitrofe-cbnr.com\/index.php\/wp-json\/wp\/v2\/categories?post=8297"},{"taxonomy":"post_tag","embeddable":true,"href":"https:\/\/zonalimitrofe-cbnr.com\/index.php\/wp-json\/wp\/v2\/tags?post=8297"}],"curies":[{"name":"wp","href":"https:\/\/api.w.org\/{rel}","templated":true}]}}