{"id":8294,"date":"2024-08-12T14:55:37","date_gmt":"2024-08-12T20:55:37","guid":{"rendered":"https:\/\/zonalimitrofe-cbnr.com\/?p=8294"},"modified":"2024-08-12T14:55:38","modified_gmt":"2024-08-12T20:55:38","slug":"durango-arrancan-gobierno-del-estado-y-dif-campana-de-registro-gratuito-de-ninos-en-11-municipios","status":"publish","type":"post","link":"https:\/\/zonalimitrofe-cbnr.com\/index.php\/2024\/08\/12\/durango-arrancan-gobierno-del-estado-y-dif-campana-de-registro-gratuito-de-ninos-en-11-municipios\/","title":{"rendered":"#Durango. Arrancan Gobierno del Estado y DIF campa\u00f1a de registro gratuito de ni\u00f1os en 11 municipios*"},"content":{"rendered":"\n<ul>\n<li><em>Estar\u00e1 dirigida a aquellos lugares donde hay mayor subregistro de menores de edad y adolescentes, quienes recibir\u00e1n su acta de nacimiento y CURP sin costo alguno.<\/em><\/li>\n\n\n\n<li><em>\u201cEs indispensable brindarles una identidad, adem\u00e1s del amor que reciben en el seno familiar\u201d: Marisol Rosso Rivera.<\/em><\/li>\n\n\n\n<li><em>Con sus documentos podr\u00e1n tener acceso a la protecci\u00f3n social, salud y educaci\u00f3n; campa\u00f1a estar\u00e1 vigente en lo que resta del 2024: H\u00e9ctor Vela, secretario general de Gobierno.<\/em><\/li>\n<\/ul>\n\n\n\n<p>Arranc\u00f3 la campa\u00f1a \u201cLa identidad es TU DERECHO y tu CURP tambi\u00e9n\u201d con el objetivo de promover el registro de las ni\u00f1as, ni\u00f1os y adolescentes, en los 11 municipios con mayor \u00edndice de rezago en el cumplimiento de este tr\u00e1mite; adem\u00e1s, est\u00e1 en marcha el proceso de gesti\u00f3n de doble nacionalidad para personas de todas las edades. Ambos tr\u00e1mites son gratuitos.<\/p>\n\n\n\n<p>\u201cHay que actuar con Valor y Coraz\u00f3n. No es solamente cumplir con el requisito de dar un nombre y apellido, se trata de dar identidad a nuestros ni\u00f1os duranguenses, lo m\u00e1s preciado que tenemos, una encomienda muy puntual que nos ha dado el gobernador Esteban Villegas\u201d, manifest\u00f3 Marisol Rosso Rivera, presidenta del DIF Estatal.<\/p>\n\n\n\n<p>Los 11 municipios son: Durango, Cuencam\u00e9, G\u00f3mez Palacio, Mezquital, Poanas, Nombre de Dios, Tamazula, Santiago Papasquiaro, Tepehuanes, Ot\u00e1ez y Topia, los de mayor subregistro y en donde se activa la campa\u00f1a.<\/p>\n\n\n\n<p>Tan solo en el municipio de Durango se contempla entregar m\u00e1s de 250 actas de nacimiento, a trav\u00e9s de esta campa\u00f1a que tiene como meta lograr una tasa de subregistro cero en los nacimientos.<\/p>\n\n\n\n<p>Durante el acto protocolario que tuvo lugar en las instalaciones de DIF Estatal, Marisol Rosso mencion\u00f3 que para el Gobierno de Durango es importante atender la salud, la educaci\u00f3n, el bienestar y la integridad de los ni\u00f1os, pero no hay que olvidarse de la identidad, pues sin ella, ante la ley simplemente no existen.<\/p>\n\n\n\n<p>\u201cReconozco a los pap\u00e1s y mam\u00e1s que hoy aprovechan esta campa\u00f1a, pero tambi\u00e9n la tarea que ha emprendido el Registro Civil, a trav\u00e9s del trabajo de los jueces y de su personal, quienes ponen todo su esfuerzo en lo que hacen\u201d, dijo.<\/p>\n\n\n\n<p>A trav\u00e9s de este esquema el registro es gratuito, aunque generalmente, cuando el tr\u00e1mite es extempor\u00e1neo tiene un costo mayor a los mil 200 pesos, m\u00e1s otros gastos que se generen.<\/p>\n\n\n\n<p>Tambi\u00e9n destac\u00f3 el programa para obtenci\u00f3n de doble nacionalidad en el que participa el Instituto de Atenci\u00f3n y Protecci\u00f3n al Migrante y su Familia, cuyos tr\u00e1mites se pueden realizar en agosto y el resultado est\u00e1 listo en septiembre, mes en que se contar\u00e1 con la presencia de personal del Consulado.<\/p>\n\n\n\n<p>Por su parte, Claudia Aracely Flores Barrera, de 37 a\u00f1os, agradeci\u00f3 por la oportunidad de registrar a sus hijos sin ning\u00fan costo, pues ni ella, ni su esposo contaban con dinero para cubrir el gasto, pero con esta campa\u00f1a han podido darles identidad.<\/p>\n\n\n\n<p>H\u00e9ctor Vela Valenzuela, secretario general de Gobierno, resalt\u00f3 que la identidad es un derecho b\u00e1sico; por eso, se busca dar cobertura a los ni\u00f1os que son invisibles ante la ley, ya que ello les priva de servicios como la educaci\u00f3n, la salud y la protecci\u00f3n social.<\/p>\n\n\n\n<p>En su intervenci\u00f3n, Bonifacio Herrera Rivera, secretario del Ayuntamiento de Durango, subray\u00f3 la importancia de esta campa\u00f1a, que tiene como prop\u00f3sito abatir el rezago cero en el registro de nacimientos.<\/p>\n\n\n\n<p>En tanto, el director general del Registro Civil, Jos\u00e9 Antonio Garc\u00eda Espinoza, aludi\u00f3 a la coordinaci\u00f3n que existe con el Registro Nacional de Poblaci\u00f3n (RENAPO) para fomentar el registro de los ni\u00f1os cuyo tr\u00e1mite no ha sido atendido despu\u00e9s de 180 d\u00edas de nacidos, al dejar de lado las multas y realizar el procedimiento sin costo.<\/p>\n","protected":false},"excerpt":{"rendered":"<p>Arranc\u00f3 la campa\u00f1a \u201cLa identidad es TU DERECHO y tu CURP tambi\u00e9n\u201d con el objetivo de promover el registro de las ni\u00f1as, ni\u00f1os y adolescentes, en los 11 municipios con mayor \u00edndice de rezago en el cumplimiento de este tr\u00e1mite; adem\u00e1s, est\u00e1 en marcha el proceso de gesti\u00f3n de doble nacionalidad para personas de todas [&hellip;]<\/p>\n","protected":false},"author":1,"featured_media":8295,"comment_status":"open","ping_status":"open","sticky":false,"template":"","format":"standard","meta":{"_monsterinsights_skip_tracking":false,"_monsterinsights_sitenote_active":false,"_monsterinsights_sitenote_note":"","_monsterinsights_sitenote_category":0,"footnotes":""},"categories":[1],"tags":[],"_links":{"self":[{"href":"https:\/\/zonalimitrofe-cbnr.com\/index.php\/wp-json\/wp\/v2\/posts\/8294"}],"collection":[{"href":"https:\/\/zonalimitrofe-cbnr.com\/index.php\/wp-json\/wp\/v2\/posts"}],"about":[{"href":"https:\/\/zonalimitrofe-cbnr.com\/index.php\/wp-json\/wp\/v2\/types\/post"}],"author":[{"embeddable":true,"href":"https:\/\/zonalimitrofe-cbnr.com\/index.php\/wp-json\/wp\/v2\/users\/1"}],"replies":[{"embeddable":true,"href":"https:\/\/zonalimitrofe-cbnr.com\/index.php\/wp-json\/wp\/v2\/comments?post=8294"}],"version-history":[{"count":1,"href":"https:\/\/zonalimitrofe-cbnr.com\/index.php\/wp-json\/wp\/v2\/posts\/8294\/revisions"}],"predecessor-version":[{"id":8296,"href":"https:\/\/zonalimitrofe-cbnr.com\/index.php\/wp-json\/wp\/v2\/posts\/8294\/revisions\/8296"}],"wp:featuredmedia":[{"embeddable":true,"href":"https:\/\/zonalimitrofe-cbnr.com\/index.php\/wp-json\/wp\/v2\/media\/8295"}],"wp:attachment":[{"href":"https:\/\/zonalimitrofe-cbnr.com\/index.php\/wp-json\/wp\/v2\/media?parent=8294"}],"wp:term":[{"taxonomy":"category","embeddable":true,"href":"https:\/\/zonalimitrofe-cbnr.com\/index.php\/wp-json\/wp\/v2\/categories?post=8294"},{"taxonomy":"post_tag","embeddable":true,"href":"https:\/\/zonalimitrofe-cbnr.com\/index.php\/wp-json\/wp\/v2\/tags?post=8294"}],"curies":[{"name":"wp","href":"https:\/\/api.w.org\/{rel}","templated":true}]}}