{"id":8285,"date":"2024-08-12T14:48:16","date_gmt":"2024-08-12T20:48:16","guid":{"rendered":"https:\/\/zonalimitrofe-cbnr.com\/?p=8285"},"modified":"2024-08-12T14:48:17","modified_gmt":"2024-08-12T20:48:17","slug":"torreon-continua-la-capacitacion-en-primeros-auxilios-a-encargados-y-colaboradores-de-centros-de-rehabilitacion","status":"publish","type":"post","link":"https:\/\/zonalimitrofe-cbnr.com\/index.php\/2024\/08\/12\/torreon-continua-la-capacitacion-en-primeros-auxilios-a-encargados-y-colaboradores-de-centros-de-rehabilitacion\/","title":{"rendered":"#Torre\u00f3n. Contin\u00faa la capacitaci\u00f3n en primeros auxilios a encargados y colaboradores de centros de rehabilitaci\u00f3n"},"content":{"rendered":"\n<p>Torre\u00f3n, Coahuila. A 12 de agosto de 2024.<\/p>\n\n\n\n<p>La Direcci\u00f3n de Prevenci\u00f3n Social del Delito de Torre\u00f3n, reforzar\u00e1 las acciones en materia de capacitaci\u00f3n para quienes est\u00e1n a cargo de los centros de rehabilitaci\u00f3n en el municipio; el d\u00eda de hoy arranc\u00f3 el segundo curso en primeros auxilios.<\/p>\n\n\n\n<p>El adiestramiento se desarrolla en colaboraci\u00f3n con el Instituto de Capacitaci\u00f3n para el Trabajo del Estado de Coahuila (ICATEC), a fin de que los participantes obtengan una certificaci\u00f3n con validez curricular.<\/p>\n\n\n\n<p>V\u00edctor Ramos Galindo, director de la dependencia, indic\u00f3 que el objetivo es que las personas a cargo de estos centros, cuenten con las herramientas necesarias para poder brindar una atenci\u00f3n adecuada a los internos y as\u00ed prevenir situaciones de riesgo como primeros respondientes ante alguna situaci\u00f3n que se presente.<\/p>\n\n\n\n<p>&#8220;Es importante que quienes est\u00e1n a cargo de estos centros se capaciten, el objetivo es que cuenten con los conocimientos para prevenir muertes, evitar accidentes, o saber responder de manera inmediata en alguna emergencia\u201d, detall\u00f3.<\/p>\n\n\n\n<p>El titular dijo que tambi\u00e9n se busca asesorar a los responsables de los grupos sobre los programas de rehabilitaci\u00f3n, las formas de operaci\u00f3n que deben cumplir y la documentaci\u00f3n con la que est\u00e1n obligados a contar para continuar funcionando.<\/p>\n\n\n\n<p>El curso contempla temas como: primeros auxilios, primeros auxilios psicol\u00f3gicos y manejo de centros de rehabilitaci\u00f3n o consejer\u00eda en adiciones.<\/p>\n\n\n\n<p>Ramos Galindo externo que el primer curso con el que se inici\u00f3 el programa es el de \u201cPrimeros Auxilios&#8221;, donde participaron dos grupos de 20 personas, en una capacitaci\u00f3n con duraci\u00f3n de ocho horas el mes pasado.<\/p>\n\n\n\n<p>En Torre\u00f3n hay 63 centros de tehabilitaci\u00f3n registrados en el padr\u00f3n y la intenci\u00f3n es que participen todos, siendo que, resalt\u00f3 el funcionario, es por invitaci\u00f3n y hasta el momento, se ha tenido buena aceptaci\u00f3n.<\/p>\n\n\n\n<p>Marco Cant\u00fa, director general del ICATEC, habl\u00f3 de la importancia de hacer sinergia con el Municipio y atender la necesidad de brindar las mejores herramientas a los operadores de los centros de rehabilitaci\u00f3n, para que brinden un mejor trato a los pacientes en la orientaci\u00f3n de la salud mental, emocional y f\u00edsica de los internos.<\/p>\n\n\n\n<p>La capacitaci\u00f3n en primeros auxilios est\u00e1 a cargo del instructor Alejandro lira.<\/p>\n","protected":false},"excerpt":{"rendered":"<p>Torre\u00f3n, Coahuila. A 12 de agosto de 2024. La Direcci\u00f3n de Prevenci\u00f3n Social del Delito de Torre\u00f3n, reforzar\u00e1 las acciones en materia de capacitaci\u00f3n para quienes est\u00e1n a cargo de los centros de rehabilitaci\u00f3n en el municipio; el d\u00eda de hoy arranc\u00f3 el segundo curso en primeros auxilios. El adiestramiento se desarrolla en colaboraci\u00f3n con [&hellip;]<\/p>\n","protected":false},"author":1,"featured_media":8286,"comment_status":"open","ping_status":"open","sticky":false,"template":"","format":"standard","meta":{"_monsterinsights_skip_tracking":false,"_monsterinsights_sitenote_active":false,"_monsterinsights_sitenote_note":"","_monsterinsights_sitenote_category":0,"footnotes":""},"categories":[1],"tags":[],"_links":{"self":[{"href":"https:\/\/zonalimitrofe-cbnr.com\/index.php\/wp-json\/wp\/v2\/posts\/8285"}],"collection":[{"href":"https:\/\/zonalimitrofe-cbnr.com\/index.php\/wp-json\/wp\/v2\/posts"}],"about":[{"href":"https:\/\/zonalimitrofe-cbnr.com\/index.php\/wp-json\/wp\/v2\/types\/post"}],"author":[{"embeddable":true,"href":"https:\/\/zonalimitrofe-cbnr.com\/index.php\/wp-json\/wp\/v2\/users\/1"}],"replies":[{"embeddable":true,"href":"https:\/\/zonalimitrofe-cbnr.com\/index.php\/wp-json\/wp\/v2\/comments?post=8285"}],"version-history":[{"count":1,"href":"https:\/\/zonalimitrofe-cbnr.com\/index.php\/wp-json\/wp\/v2\/posts\/8285\/revisions"}],"predecessor-version":[{"id":8287,"href":"https:\/\/zonalimitrofe-cbnr.com\/index.php\/wp-json\/wp\/v2\/posts\/8285\/revisions\/8287"}],"wp:featuredmedia":[{"embeddable":true,"href":"https:\/\/zonalimitrofe-cbnr.com\/index.php\/wp-json\/wp\/v2\/media\/8286"}],"wp:attachment":[{"href":"https:\/\/zonalimitrofe-cbnr.com\/index.php\/wp-json\/wp\/v2\/media?parent=8285"}],"wp:term":[{"taxonomy":"category","embeddable":true,"href":"https:\/\/zonalimitrofe-cbnr.com\/index.php\/wp-json\/wp\/v2\/categories?post=8285"},{"taxonomy":"post_tag","embeddable":true,"href":"https:\/\/zonalimitrofe-cbnr.com\/index.php\/wp-json\/wp\/v2\/tags?post=8285"}],"curies":[{"name":"wp","href":"https:\/\/api.w.org\/{rel}","templated":true}]}}