{"id":8282,"date":"2024-08-12T14:42:02","date_gmt":"2024-08-12T20:42:02","guid":{"rendered":"https:\/\/zonalimitrofe-cbnr.com\/?p=8282"},"modified":"2024-08-12T14:42:02","modified_gmt":"2024-08-12T20:42:02","slug":"lerdo-atienen-con-jornada-de-bacheo-calle-madero","status":"publish","type":"post","link":"https:\/\/zonalimitrofe-cbnr.com\/index.php\/2024\/08\/12\/lerdo-atienen-con-jornada-de-bacheo-calle-madero\/","title":{"rendered":"#Lerdo. ATIENEN CON JORNADA DE BACHEO CALLE MADERO"},"content":{"rendered":"\n<p>Lerdo, 12 de agosto 2024.- La direcci\u00f3n de Obras P\u00fablicas, a trav\u00e9s del departamento de Bacheo en Lerdo, dio inicio a una jornada intensiva de atenci\u00f3n a baches en la Calle Madero del Centro de la ciudad, con el objetivo de garantizar un tr\u00e1nsito seguro y eficaz en beneficio de los conductores.<\/p>\n\n\n\n<p>Jos\u00e9 Buenaventura Ramos, jefe del departamento de Bacheo en Lerdo, indico que siguiendo las instrucciones del Presidente Municipal, Homero Mart\u00ednez Cabrera, y del director de Obras, Antonio S\u00e1nchez, se brinda atenci\u00f3n a las principales vialidades de la ciudad, y atendiendo cada uno de los reportes de calles aleda\u00f1as.<\/p>\n\n\n\n<p>Se\u00f1al\u00f3 que el procedimiento para reparar un bache en una carretera var\u00eda seg\u00fan el tama\u00f1o del mismo, es por ello que el departamento cuenta con el material necesario para desempe\u00f1ar sus funciones, tanto para la limpieza previa, el corte, la aplicaci\u00f3n de adhesivo, colocaci\u00f3n de asfalto y compactaci\u00f3n.<\/p>\n\n\n\n<p>A\u00f1adi\u00f3 que durante la semana anterior se dio atenci\u00f3n a las Avenidas Sarabia, Coronado, calle Hidalgo y Pino Su\u00e1rez, as\u00ed como vialidades en las colonias Las Brisas, San Isidro y 18 de Julio. Se exhorta a los habitantes para hacer su reporte en la Direcci\u00f3n de Atenci\u00f3n Ciudadana o al WhatsApp 87 11 16 95 83 para una atenci\u00f3n m\u00e1s r\u00e1pida.<\/p>\n","protected":false},"excerpt":{"rendered":"<p>Lerdo, 12 de agosto 2024.- La direcci\u00f3n de Obras P\u00fablicas, a trav\u00e9s del departamento de Bacheo en Lerdo, dio inicio a una jornada intensiva de atenci\u00f3n a baches en la Calle Madero del Centro de la ciudad, con el objetivo de garantizar un tr\u00e1nsito seguro y eficaz en beneficio de los conductores. Jos\u00e9 Buenaventura Ramos, [&hellip;]<\/p>\n","protected":false},"author":1,"featured_media":8283,"comment_status":"open","ping_status":"open","sticky":false,"template":"","format":"standard","meta":{"_monsterinsights_skip_tracking":false,"_monsterinsights_sitenote_active":false,"_monsterinsights_sitenote_note":"","_monsterinsights_sitenote_category":0,"footnotes":""},"categories":[1],"tags":[],"_links":{"self":[{"href":"https:\/\/zonalimitrofe-cbnr.com\/index.php\/wp-json\/wp\/v2\/posts\/8282"}],"collection":[{"href":"https:\/\/zonalimitrofe-cbnr.com\/index.php\/wp-json\/wp\/v2\/posts"}],"about":[{"href":"https:\/\/zonalimitrofe-cbnr.com\/index.php\/wp-json\/wp\/v2\/types\/post"}],"author":[{"embeddable":true,"href":"https:\/\/zonalimitrofe-cbnr.com\/index.php\/wp-json\/wp\/v2\/users\/1"}],"replies":[{"embeddable":true,"href":"https:\/\/zonalimitrofe-cbnr.com\/index.php\/wp-json\/wp\/v2\/comments?post=8282"}],"version-history":[{"count":1,"href":"https:\/\/zonalimitrofe-cbnr.com\/index.php\/wp-json\/wp\/v2\/posts\/8282\/revisions"}],"predecessor-version":[{"id":8284,"href":"https:\/\/zonalimitrofe-cbnr.com\/index.php\/wp-json\/wp\/v2\/posts\/8282\/revisions\/8284"}],"wp:featuredmedia":[{"embeddable":true,"href":"https:\/\/zonalimitrofe-cbnr.com\/index.php\/wp-json\/wp\/v2\/media\/8283"}],"wp:attachment":[{"href":"https:\/\/zonalimitrofe-cbnr.com\/index.php\/wp-json\/wp\/v2\/media?parent=8282"}],"wp:term":[{"taxonomy":"category","embeddable":true,"href":"https:\/\/zonalimitrofe-cbnr.com\/index.php\/wp-json\/wp\/v2\/categories?post=8282"},{"taxonomy":"post_tag","embeddable":true,"href":"https:\/\/zonalimitrofe-cbnr.com\/index.php\/wp-json\/wp\/v2\/tags?post=8282"}],"curies":[{"name":"wp","href":"https:\/\/api.w.org\/{rel}","templated":true}]}}