{"id":8264,"date":"2024-08-11T15:08:44","date_gmt":"2024-08-11T21:08:44","guid":{"rendered":"https:\/\/zonalimitrofe-cbnr.com\/?p=8264"},"modified":"2024-08-11T15:08:44","modified_gmt":"2024-08-11T21:08:44","slug":"coahuila-el-gobierno-del-estado-comprometido-con-los-familiares-de-personas-desaparecidas","status":"publish","type":"post","link":"https:\/\/zonalimitrofe-cbnr.com\/index.php\/2024\/08\/11\/coahuila-el-gobierno-del-estado-comprometido-con-los-familiares-de-personas-desaparecidas\/","title":{"rendered":"#Coahuila. EL GOBIERNO DEL ESTADO COMPROMETIDO CON LOS FAMILIARES DE PERSONAS DESAPARECIDAS"},"content":{"rendered":"\n<p>Saltillo, Coahuila de Zaragoza; a 11 de agosto de 2024.- Durante la reuni\u00f3n plenaria de este fin de semana, el Gobernador Manolo Jim\u00e9nez Salinas reiter\u00f3 su compromiso personal y el de todo su equipo de trabajo para sacar adelante la agenda de trabajo y los temas propuestos por los diferentes colectivos de familiares de personas desaparecidas.<\/p>\n\n\n\n<p>&#8220;En Palacio de Gobierno nos reunimos con los colectivos de familiares de personas desaparecidas, a quienes les reiteramos que en Coahuila compartimos la esperanza y anhelo de la localizaci\u00f3n de sus seres queridos, la justicia, la verdad y la no repetici\u00f3n de estos eventos tan dolorosos para la sociedad. En nosotros tienen un aliado que siempre los apoyar\u00e1, se\u00f1al\u00f3 el gobernador.<\/p>\n\n\n\n<p>Agreg\u00f3 que en la reuni\u00f3n estuvo su equipo de trabajo, &#8220;mujeres y hombres comprometidos y profesionales; no tengan la menor duda de que estamos muy comprometidos con todos ustedes\u201d, mencion\u00f3.<\/p>\n\n\n\n<p>En esta reuni\u00f3n plenaria estuvieron presentes representantes de los colectivos Alas de Esperanza; B\u00fascame, Buscando Desaparecidos M\u00e9xico; Caravana Internacional de B\u00fasqueda de Desaparecidos AC; Familias Unidas en la B\u00fasqueda y Localizaci\u00f3n de Personas Desparecidas; Fuerzas Unidas por Nuestros Desaparecidos en Coahuila y en M\u00e9xico; Rastreador@s Nacionales de Personas Desaparecidas; Voz que Clama Justicia por Personas Desaparecidas; V\u00edctimas por sus Derechos en Acci\u00f3n; adem\u00e1s del Centro para los Derechos Humanos Fray Juan de Larios.<\/p>\n\n\n\n<p>En esta reuni\u00f3n se inform\u00f3 de los avances que se tienen del Programa Contra la Desaparici\u00f3n de Personas para el Estado de Coahuila de Zaragoza, el cual pr\u00f3ximamente quedar\u00e1 listo y del que Manolo Jim\u00e9nez destac\u00f3 que se aspira sea un plan referente en la materia.<\/p>\n\n\n\n<p>\u201cEste programa ustedes lo han estado construyendo y nos sentirnos orgullosos de ser parte de este proyecto a ser adoptado pr\u00f3ximamente\u201d, expres\u00f3.<\/p>\n\n\n\n<p>Jim\u00e9nez Salinas coment\u00f3 que se ha ido tomando en cuenta lo que se ha dicho en estas reuniones; lo que se ha ido planteando, una buena parte se va atendiendo.<\/p>\n\n\n\n<p>En ese sentido, agradeci\u00f3 por su apoyo a las y los funcionarios estatales que est\u00e1n presentes en este tipo de reuniones, y por estar al pendiente de los acuerdos que aqu\u00ed se toman.<\/p>\n\n\n\n<p>En el tema de fortalecimiento de la Fiscal\u00eda General del Estado, coment\u00f3 que en d\u00edas pasados se reuni\u00f3 con el Fiscal y con el Secretario de Gobierno, donde analizaron los avances que se tienen para, en estos meses, aplicar lo que dijo en campa\u00f1a: conservar las cosas buenas, innovar y cambiar lo que haya que mejorar.<\/p>\n\n\n\n<p>\u201cQueremos aprovechar estos meses para hacer el proyecto de mejora y fortalecimiento de la Fiscal\u00eda a partir de lo que ya se tiene y qu\u00e9 es lo que sigue\u201d, dijo, y abund\u00f3 que en el gobierno siempre hay una mejora continua.<\/p>\n\n\n\n<p>Inform\u00f3 que uno de los limitantes m\u00e1s fuertes para poder llevar a cabo todos los proyectos y acciones, es el recurso econ\u00f3mico, y agreg\u00f3 que en su administraci\u00f3n se est\u00e1n haciendo esfuerzos administrativos para poder cumplir con los compromisos establecidos en todas las \u00e1reas.<\/p>\n\n\n\n<p>El Mandatario estatal puntualiz\u00f3 que se estar\u00e1 respondiendo con todos los recursos del estado ante cualquier situaci\u00f3n que se presente de desaparici\u00f3n y b\u00fasqueda de personas.<\/p>\n\n\n\n<p>En esta reuni\u00f3n acompa\u00f1aron al gobernador, adem\u00e1s, Luz Elena Morales N\u00fa\u00f1ez, diputada presidenta de la Junta de Gobierno del Congreso local; Luis Efr\u00e9n R\u00edos Vega, magistrado representante del Tribunal Superior de Justicia; los titulares de las secretarias estatales de Gobierno, de Seguridad P\u00fablica, del Trabajo, de Salud, de las Mujeres, de Educaci\u00f3n, de Vivienda y Ordenamiento Territorial, de Finanzas; el Fiscal General del Estado.<\/p>\n\n\n\n<p>La titular de la Comisi\u00f3n Estatal de Atenci\u00f3n a V\u00edctimas; el Comisionado de B\u00fasqueda en Coahuila; la Coordinadora del Centro Regional de Identificaci\u00f3n Humana; la directora de la Academia Interamericana de Derechos Humanos; el Presidente de la Comisi\u00f3n de Derechos Humanos y el Grupo Aut\u00f3nomo de<\/p>\n","protected":false},"excerpt":{"rendered":"<p>Saltillo, Coahuila de Zaragoza; a 11 de agosto de 2024.- Durante la reuni\u00f3n plenaria de este fin de semana, el Gobernador Manolo Jim\u00e9nez Salinas reiter\u00f3 su compromiso personal y el de todo su equipo de trabajo para sacar adelante la agenda de trabajo y los temas propuestos por los diferentes colectivos de familiares de personas [&hellip;]<\/p>\n","protected":false},"author":1,"featured_media":8265,"comment_status":"open","ping_status":"open","sticky":false,"template":"","format":"standard","meta":{"_monsterinsights_skip_tracking":false,"_monsterinsights_sitenote_active":false,"_monsterinsights_sitenote_note":"","_monsterinsights_sitenote_category":0,"footnotes":""},"categories":[1],"tags":[],"_links":{"self":[{"href":"https:\/\/zonalimitrofe-cbnr.com\/index.php\/wp-json\/wp\/v2\/posts\/8264"}],"collection":[{"href":"https:\/\/zonalimitrofe-cbnr.com\/index.php\/wp-json\/wp\/v2\/posts"}],"about":[{"href":"https:\/\/zonalimitrofe-cbnr.com\/index.php\/wp-json\/wp\/v2\/types\/post"}],"author":[{"embeddable":true,"href":"https:\/\/zonalimitrofe-cbnr.com\/index.php\/wp-json\/wp\/v2\/users\/1"}],"replies":[{"embeddable":true,"href":"https:\/\/zonalimitrofe-cbnr.com\/index.php\/wp-json\/wp\/v2\/comments?post=8264"}],"version-history":[{"count":1,"href":"https:\/\/zonalimitrofe-cbnr.com\/index.php\/wp-json\/wp\/v2\/posts\/8264\/revisions"}],"predecessor-version":[{"id":8266,"href":"https:\/\/zonalimitrofe-cbnr.com\/index.php\/wp-json\/wp\/v2\/posts\/8264\/revisions\/8266"}],"wp:featuredmedia":[{"embeddable":true,"href":"https:\/\/zonalimitrofe-cbnr.com\/index.php\/wp-json\/wp\/v2\/media\/8265"}],"wp:attachment":[{"href":"https:\/\/zonalimitrofe-cbnr.com\/index.php\/wp-json\/wp\/v2\/media?parent=8264"}],"wp:term":[{"taxonomy":"category","embeddable":true,"href":"https:\/\/zonalimitrofe-cbnr.com\/index.php\/wp-json\/wp\/v2\/categories?post=8264"},{"taxonomy":"post_tag","embeddable":true,"href":"https:\/\/zonalimitrofe-cbnr.com\/index.php\/wp-json\/wp\/v2\/tags?post=8264"}],"curies":[{"name":"wp","href":"https:\/\/api.w.org\/{rel}","templated":true}]}}