{"id":8261,"date":"2024-08-11T15:06:46","date_gmt":"2024-08-11T21:06:46","guid":{"rendered":"https:\/\/zonalimitrofe-cbnr.com\/?p=8261"},"modified":"2024-08-11T15:06:46","modified_gmt":"2024-08-11T21:06:46","slug":"gp-dif-gomez-palacio-invita-a-conferencia-el-fin-que-dignifica-y-trasciende-dirigida-a-adultos-mayores","status":"publish","type":"post","link":"https:\/\/zonalimitrofe-cbnr.com\/index.php\/2024\/08\/11\/gp-dif-gomez-palacio-invita-a-conferencia-el-fin-que-dignifica-y-trasciende-dirigida-a-adultos-mayores\/","title":{"rendered":"#GP. DIF G\u00f3mez Palacio invita a conferencia \u201cEl Fin que Dignifica y Trasciende\u201d, dirigida a adultos mayores*"},"content":{"rendered":"\n<p>El Sistema para el Desarrollo Integral de la Familia (DIF), a trav\u00e9s del Departamento de Fortalecimiento Familiar Humano y de Valores, durante este mes de agosto ofrecer\u00e1 la pl\u00e1tica \u201cEl Fin que Dignifica y Trasciende\u201d, dirigida a adultos mayores.<\/p>\n\n\n\n<p>Brenda Calder\u00f3n Carrete, directora del DIF, dio a conocer que el personal adscrito al citado departamento, ofrecer\u00e1 la pl\u00e1tica en los centros comunitarios (adheridos a la Direcci\u00f3n del Bienestar del Ayuntamiento) de El Consuelo, Los \u00c1lamos, de la Mina, Nuevo G\u00f3mez, as\u00ed como en la Casa del Jubilado y el Club de Ni\u00f1os, Ni\u00f1as y Adolescentes.<\/p>\n\n\n\n<p>Se\u00f1al\u00f3 que lo anterior es parte de las actividades que el DIF realizar\u00e1 durante todo agosto, considerado el mes del Adulto Mayor, en el que destaca esta pl\u00e1tica y se abordar\u00e1n otros temas que abarcan los derechos y obligaciones que tiene este sector prioritario de la poblaci\u00f3n, toda vez que la Presidenta Municipal Leticia Herrera Ale est\u00e1 interesada en su difusi\u00f3n.<\/p>\n\n\n\n<p>Durante esta conferencia tambi\u00e9n se aborda la importancia que tiene el que los adultos mayores incorporen a sus rutinas acciones de autocuidado; adem\u00e1s se les ense\u00f1a a detectar se\u00f1ales de adicci\u00f3n a los medicamentos controlados utilizados para atender problemas como la depresi\u00f3n, y se les orienta para que en ese caso se acuda a un especialista.<\/p>\n\n\n\n<p>Sobre las charlas que el Departamento de Fortalecimiento Familiar, Humano y de Valores realiza en escuelas, la funcionaria se\u00f1al\u00f3 que estas ser\u00e1n retomadas tan pronto se reinicie el ciclo escolar, adem\u00e1s invit\u00f3 a las instituciones educativas interesadas en recibir una de estas pl\u00e1ticas a que se pongan en contacto con el DIF al tel\u00e9fono 87 17 14 21 27, para poder agendar una charla acorde a las necesidades de esa comunidad estudiantil.<\/p>\n","protected":false},"excerpt":{"rendered":"<p>El Sistema para el Desarrollo Integral de la Familia (DIF), a trav\u00e9s del Departamento de Fortalecimiento Familiar Humano y de Valores, durante este mes de agosto ofrecer\u00e1 la pl\u00e1tica \u201cEl Fin que Dignifica y Trasciende\u201d, dirigida a adultos mayores. Brenda Calder\u00f3n Carrete, directora del DIF, dio a conocer que el personal adscrito al citado departamento, [&hellip;]<\/p>\n","protected":false},"author":1,"featured_media":8262,"comment_status":"open","ping_status":"open","sticky":false,"template":"","format":"standard","meta":{"_monsterinsights_skip_tracking":false,"_monsterinsights_sitenote_active":false,"_monsterinsights_sitenote_note":"","_monsterinsights_sitenote_category":0,"footnotes":""},"categories":[1],"tags":[],"_links":{"self":[{"href":"https:\/\/zonalimitrofe-cbnr.com\/index.php\/wp-json\/wp\/v2\/posts\/8261"}],"collection":[{"href":"https:\/\/zonalimitrofe-cbnr.com\/index.php\/wp-json\/wp\/v2\/posts"}],"about":[{"href":"https:\/\/zonalimitrofe-cbnr.com\/index.php\/wp-json\/wp\/v2\/types\/post"}],"author":[{"embeddable":true,"href":"https:\/\/zonalimitrofe-cbnr.com\/index.php\/wp-json\/wp\/v2\/users\/1"}],"replies":[{"embeddable":true,"href":"https:\/\/zonalimitrofe-cbnr.com\/index.php\/wp-json\/wp\/v2\/comments?post=8261"}],"version-history":[{"count":1,"href":"https:\/\/zonalimitrofe-cbnr.com\/index.php\/wp-json\/wp\/v2\/posts\/8261\/revisions"}],"predecessor-version":[{"id":8263,"href":"https:\/\/zonalimitrofe-cbnr.com\/index.php\/wp-json\/wp\/v2\/posts\/8261\/revisions\/8263"}],"wp:featuredmedia":[{"embeddable":true,"href":"https:\/\/zonalimitrofe-cbnr.com\/index.php\/wp-json\/wp\/v2\/media\/8262"}],"wp:attachment":[{"href":"https:\/\/zonalimitrofe-cbnr.com\/index.php\/wp-json\/wp\/v2\/media?parent=8261"}],"wp:term":[{"taxonomy":"category","embeddable":true,"href":"https:\/\/zonalimitrofe-cbnr.com\/index.php\/wp-json\/wp\/v2\/categories?post=8261"},{"taxonomy":"post_tag","embeddable":true,"href":"https:\/\/zonalimitrofe-cbnr.com\/index.php\/wp-json\/wp\/v2\/tags?post=8261"}],"curies":[{"name":"wp","href":"https:\/\/api.w.org\/{rel}","templated":true}]}}