{"id":8205,"date":"2024-08-09T16:30:32","date_gmt":"2024-08-09T22:30:32","guid":{"rendered":"https:\/\/zonalimitrofe-cbnr.com\/?p=8205"},"modified":"2024-08-09T16:30:32","modified_gmt":"2024-08-09T22:30:32","slug":"torreon-celebraran-sesion-solemne-de-cabildo-por-el-117-aniversario-de-torreon-en-el-museo-arocena","status":"publish","type":"post","link":"https:\/\/zonalimitrofe-cbnr.com\/index.php\/2024\/08\/09\/torreon-celebraran-sesion-solemne-de-cabildo-por-el-117-aniversario-de-torreon-en-el-museo-arocena\/","title":{"rendered":"#Torre\u00f3n. Celebrar\u00e1n Sesi\u00f3n Solemne de Cabildo por el 117 Aniversario de Torre\u00f3n en el Museo Arocena"},"content":{"rendered":"\n<p><br>Torre\u00f3n, Coahuila. A 09 de agosto de 2024<br>Este viernes, dentro de la Quincuag\u00e9sima Cuarta Sesi\u00f3n del Cabildo de Torre\u00f3n, presidida por el alcalde Rom\u00e1n Alberto Cepeda Gonz\u00e1lez, fue aprobado como recinto oficial la \u201cPlaza Pe\u00f1oles\u201d del Museo Arocena, para celebrar la Sesi\u00f3n Solemne de Cabildo por el 117 Aniversario de Torre\u00f3n.<br>De igual forma los regidores declararon como fecha oficial el 13 de septiembre del a\u00f1o en curso, para la celebraci\u00f3n de la Sesi\u00f3n Solemne, donde adem\u00e1s se efectuar\u00e1 la entrega de preseas de \u201cCiudadan\u00eda Distinguida 2024\u201d, a las 18:00 horas, conforme a la propuesta emitida por el alcalde Rom\u00e1n Alberto Cepeda Gonz\u00e1lez.<br>Por otro lado, el Cabildo aprob\u00f3 de forma un\u00e1nime la solicitud para la renovaci\u00f3n de la firma de un convenio de colaboraci\u00f3n y continuidad de un apoyo econ\u00f3mico mensual, entre el Ayuntamiento de Torre\u00f3n y el Patronato del Centro Cultural de la Laguna A.\u0421.<br>El apoyo econ\u00f3mico aprobado es por la cantidad de 70 mil pesos mensuales de agosto a diciembre del presente a\u00f1o.<br>En otro asunto, los ediles revisaron 13 solicitudes de establecimientos mercantiles, para realizar cambio de domicilio, denominaci\u00f3n o giro en su certificaci\u00f3n municipal de alcoholes, el cual fue aprobado por unanimidad.<br>Referente a la solicitud de la persona moral denominada INMOBILIARIA CAREDO S.A. de C.V., para que le sea otorgada la concesi\u00f3n de uso de suelo de un \u00e1rea del Sistema Vial Cuatro Caminos, solicitada para la construcci\u00f3n de un parque lineal que funja como un lugar de sano esparcimiento, punto de reuni\u00f3n familiar y \u00e1reas locales comerciales, el punto fue aprobado por mayor\u00eda.<br>Para tal efecto, el solicitante ser\u00e1 obligado a otorgar un local comercial para uso del Instituto Municipal de Emprendimiento de Torre\u00f3n.<br>Por otra parte, la regidora Ana Luisa Cepeda \u00c1lvarez present\u00f3 la iniciativa mediante la cual se adiciona un segundo y un tercer p\u00e1rrafo al art\u00edculo 49 del Reglamento para la Expedici\u00f3n de Licencias y Permisos de Funcionamiento de Giros Comerciales, Industriales y de Prestaci\u00f3n de Servicio.<br>Con la finalidad de sumar adecuaciones al protocolo de seguridad que se deber\u00e1 aplicar en centros deportivos, establecimientos de bebidas alcoh\u00f3licas y eventos con mayores aforos, obligando a los establecimientos que sirvan en envases de pl\u00e1stico y no botellas de vidrio, para prevenir que este material se vuelva objeto de ri\u00f1a.<br>El punto fue aprobado por unanimidad.<br>Adem\u00e1s se presentaron cinco asuntos generales:<br>El primero relacionado a otorgar un est\u00edmulo econ\u00f3mico por cinco mil pesos por \u00fanica ocasi\u00f3n, a 56 bomberos que han participado en actos heroicos relacionados a la atenci\u00f3n de personas suicidas.<br>El asunto fue aprobado por unanimidad.<br>Otro referente al cambio habitacional de densidad baja H1 a densidad media H3 de un predio ubicado en la colonia San Isidro, con la finalidad de regularizar seis departamentos.<br>Asunto aprobado por unanimidad.<br>La regidora Elba Leticia de Alba Galarza, present\u00f3 una iniciativa relativa a las acciones que permitan identificar los inmuebles y espacios que tienen una vocaci\u00f3n cultural y declararlos como patrimonio cultural del municipio.<br>Se aprob\u00f3 turnar a las comisiones involucradas para su revisi\u00f3n.<br>El regidor Jos\u00e9 Arturo Rangel Peralta, present\u00f3 la propuesta para reforma del Reglamento de Movilidad Urbana y Seguridad Vial del Municipio de Torre\u00f3n, respecto a los conductores de motociclistas cumplan con las medidas de seguridad como es el uso del casco.<br>El punto ser\u00e1 turnado a las comisiones de Reglamentaci\u00f3n y Gobernaci\u00f3n, as\u00ed como la de Movilidad y Seguridad Vial para su an\u00e1lisis.<br>Por \u00faltimo, se present\u00f3 la iniciativa del regidor Cristian Manuel L\u00f3pez Ch\u00e1vez, referente al cuidado y protecci\u00f3n animal, en seguimiento a una propuesta ciudadana, para que se reforme el Reglamento de Protecci\u00f3n y Trato Digno a los Animales para el Municipio de Torre\u00f3n, en torno a la denuncia al maltrato y crueldad animal.<br>La propuesta ser\u00e1 turnada a las comisiones involucradas para su mayor revisi\u00f3n.<\/p>\n","protected":false},"excerpt":{"rendered":"<p>Torre\u00f3n, Coahuila. A 09 de agosto de 2024Este viernes, dentro de la Quincuag\u00e9sima Cuarta Sesi\u00f3n del Cabildo de Torre\u00f3n, presidida por el alcalde Rom\u00e1n Alberto Cepeda Gonz\u00e1lez, fue aprobado como recinto oficial la \u201cPlaza Pe\u00f1oles\u201d del Museo Arocena, para celebrar la Sesi\u00f3n Solemne de Cabildo por el 117 Aniversario de Torre\u00f3n.De igual forma los regidores [&hellip;]<\/p>\n","protected":false},"author":1,"featured_media":8206,"comment_status":"open","ping_status":"open","sticky":false,"template":"","format":"standard","meta":{"_monsterinsights_skip_tracking":false,"_monsterinsights_sitenote_active":false,"_monsterinsights_sitenote_note":"","_monsterinsights_sitenote_category":0,"footnotes":""},"categories":[1],"tags":[],"_links":{"self":[{"href":"https:\/\/zonalimitrofe-cbnr.com\/index.php\/wp-json\/wp\/v2\/posts\/8205"}],"collection":[{"href":"https:\/\/zonalimitrofe-cbnr.com\/index.php\/wp-json\/wp\/v2\/posts"}],"about":[{"href":"https:\/\/zonalimitrofe-cbnr.com\/index.php\/wp-json\/wp\/v2\/types\/post"}],"author":[{"embeddable":true,"href":"https:\/\/zonalimitrofe-cbnr.com\/index.php\/wp-json\/wp\/v2\/users\/1"}],"replies":[{"embeddable":true,"href":"https:\/\/zonalimitrofe-cbnr.com\/index.php\/wp-json\/wp\/v2\/comments?post=8205"}],"version-history":[{"count":1,"href":"https:\/\/zonalimitrofe-cbnr.com\/index.php\/wp-json\/wp\/v2\/posts\/8205\/revisions"}],"predecessor-version":[{"id":8207,"href":"https:\/\/zonalimitrofe-cbnr.com\/index.php\/wp-json\/wp\/v2\/posts\/8205\/revisions\/8207"}],"wp:featuredmedia":[{"embeddable":true,"href":"https:\/\/zonalimitrofe-cbnr.com\/index.php\/wp-json\/wp\/v2\/media\/8206"}],"wp:attachment":[{"href":"https:\/\/zonalimitrofe-cbnr.com\/index.php\/wp-json\/wp\/v2\/media?parent=8205"}],"wp:term":[{"taxonomy":"category","embeddable":true,"href":"https:\/\/zonalimitrofe-cbnr.com\/index.php\/wp-json\/wp\/v2\/categories?post=8205"},{"taxonomy":"post_tag","embeddable":true,"href":"https:\/\/zonalimitrofe-cbnr.com\/index.php\/wp-json\/wp\/v2\/tags?post=8205"}],"curies":[{"name":"wp","href":"https:\/\/api.w.org\/{rel}","templated":true}]}}