{"id":8202,"date":"2024-08-09T16:26:53","date_gmt":"2024-08-09T22:26:53","guid":{"rendered":"https:\/\/zonalimitrofe-cbnr.com\/?p=8202"},"modified":"2024-08-09T16:26:54","modified_gmt":"2024-08-09T22:26:54","slug":"lerdo-inician-talleres-sectoriales-en-zona-rural-actualizacion-del-poet-lerdo","status":"publish","type":"post","link":"https:\/\/zonalimitrofe-cbnr.com\/index.php\/2024\/08\/09\/lerdo-inician-talleres-sectoriales-en-zona-rural-actualizacion-del-poet-lerdo\/","title":{"rendered":"#Lerdo. INICIAN TALLERES SECTORIALES EN ZONA RURAL ACTUALIZACI\u00d3N DEL POET LERDO*"},"content":{"rendered":"\n<p>Este viernes 09 de agosto, la direcci\u00f3n de Ecolog\u00eda y Medio Ambiente de Lerdo, llev\u00f3 a cabo el taller sectorial, con referencia al proceso de actualizaci\u00f3n del Programa de Ordenamiento Ecol\u00f3gico del Municipio (POET), en la Villa de Juan E. Garc\u00eda.<\/p>\n\n\n\n<p>Ricardo D\u00edaz Segovia, director de Medio Ambiente, se\u00f1al\u00f3 que en este encuentro, se dialog\u00f3 con los presidentes de villas, comisariados y jefes de cuartel, con el objetivo de integrar las perspectivas de los principales sectores de la zona rural en la problem\u00e1tica ambiental.<\/p>\n\n\n\n<p>El funcionario agreg\u00f3 que el pr\u00f3ximo lunes 12 de agosto, el siguiente taller para la actualizaci\u00f3n del ordenamiento ecol\u00f3gico territorial del municipio de Lerdo se realizar\u00e1 en la comunidad de \u00c1lvaro Obreg\u00f3n.<\/p>\n\n\n\n<p>Cabe se\u00f1alar que el Programa de Ordenamiento Ecol\u00f3gico Territorial tiene por objetivo regular los usos del suelo fuera de los centros de poblaci\u00f3n y establecer los criterios de regulaci\u00f3n ecol\u00f3gica dentro de los centros de poblaci\u00f3n para la protecci\u00f3n, preservaci\u00f3n, restauraci\u00f3n y aprovechamiento sustentable de los recursos naturales.<\/p>\n","protected":false},"excerpt":{"rendered":"<p>Este viernes 09 de agosto, la direcci\u00f3n de Ecolog\u00eda y Medio Ambiente de Lerdo, llev\u00f3 a cabo el taller sectorial, con referencia al proceso de actualizaci\u00f3n del Programa de Ordenamiento Ecol\u00f3gico del Municipio (POET), en la Villa de Juan E. Garc\u00eda. Ricardo D\u00edaz Segovia, director de Medio Ambiente, se\u00f1al\u00f3 que en este encuentro, se dialog\u00f3 [&hellip;]<\/p>\n","protected":false},"author":1,"featured_media":8203,"comment_status":"open","ping_status":"open","sticky":false,"template":"","format":"standard","meta":{"_monsterinsights_skip_tracking":false,"_monsterinsights_sitenote_active":false,"_monsterinsights_sitenote_note":"","_monsterinsights_sitenote_category":0,"footnotes":""},"categories":[1],"tags":[],"_links":{"self":[{"href":"https:\/\/zonalimitrofe-cbnr.com\/index.php\/wp-json\/wp\/v2\/posts\/8202"}],"collection":[{"href":"https:\/\/zonalimitrofe-cbnr.com\/index.php\/wp-json\/wp\/v2\/posts"}],"about":[{"href":"https:\/\/zonalimitrofe-cbnr.com\/index.php\/wp-json\/wp\/v2\/types\/post"}],"author":[{"embeddable":true,"href":"https:\/\/zonalimitrofe-cbnr.com\/index.php\/wp-json\/wp\/v2\/users\/1"}],"replies":[{"embeddable":true,"href":"https:\/\/zonalimitrofe-cbnr.com\/index.php\/wp-json\/wp\/v2\/comments?post=8202"}],"version-history":[{"count":1,"href":"https:\/\/zonalimitrofe-cbnr.com\/index.php\/wp-json\/wp\/v2\/posts\/8202\/revisions"}],"predecessor-version":[{"id":8204,"href":"https:\/\/zonalimitrofe-cbnr.com\/index.php\/wp-json\/wp\/v2\/posts\/8202\/revisions\/8204"}],"wp:featuredmedia":[{"embeddable":true,"href":"https:\/\/zonalimitrofe-cbnr.com\/index.php\/wp-json\/wp\/v2\/media\/8203"}],"wp:attachment":[{"href":"https:\/\/zonalimitrofe-cbnr.com\/index.php\/wp-json\/wp\/v2\/media?parent=8202"}],"wp:term":[{"taxonomy":"category","embeddable":true,"href":"https:\/\/zonalimitrofe-cbnr.com\/index.php\/wp-json\/wp\/v2\/categories?post=8202"},{"taxonomy":"post_tag","embeddable":true,"href":"https:\/\/zonalimitrofe-cbnr.com\/index.php\/wp-json\/wp\/v2\/tags?post=8202"}],"curies":[{"name":"wp","href":"https:\/\/api.w.org\/{rel}","templated":true}]}}