{"id":8199,"date":"2024-08-09T16:24:52","date_gmt":"2024-08-09T22:24:52","guid":{"rendered":"https:\/\/zonalimitrofe-cbnr.com\/?p=8199"},"modified":"2024-08-09T16:24:52","modified_gmt":"2024-08-09T22:24:52","slug":"durango-gobierno-encabezado-por-esteban-villegas-invita-a-feria-del-empleo-para-la-inclusion-laboral-de-la-juventud-en-la-region-laguna","status":"publish","type":"post","link":"https:\/\/zonalimitrofe-cbnr.com\/index.php\/2024\/08\/09\/durango-gobierno-encabezado-por-esteban-villegas-invita-a-feria-del-empleo-para-la-inclusion-laboral-de-la-juventud-en-la-region-laguna\/","title":{"rendered":"#Durango. GOBIERNO ENCABEZADO POR ESTEBAN VILLEGAS INVITA A FERIA DEL EMPLEO PARA LA INCLUSI\u00d3N LABORAL DE LA JUVENTUD EN LA REGI\u00d3N LAGUNA*"},"content":{"rendered":"\n<p>Comarca Lagunera.- El gobierno encabezado por Esteban Villegas Villarreal a trav\u00e9s de la Secretar\u00eda del Trabajo y Previsi\u00f3n Social (STYPS), el Instituto de la Juventud y el Servicio Nacional del Empleo invita a los j\u00f3venes a participar el pr\u00f3ximo mi\u00e9rcoles 14 de agosto en la Feria Nacional del Empleo para la inclusi\u00f3n Laboral de la Juventud.<br>La secretaria del Trabajo y Previsi\u00f3n Social del Estado de Durango, Berenice Morales de \u00c1vila inform\u00f3 que la Feria tendr\u00e1 lugar en el Centro de Convenciones de la Expo Feria de G\u00f3mez Palacio, en punto de las 9 de la ma\u00f1ana, hasta las 2 de la tarde y se recomienda a los interesados acudir con identificaci\u00f3n oficial y solicitud de empleo previamente elaborada.<br>Destac\u00f3, que en la Feria Nacional del Empleo para la inclusi\u00f3n Laboral participar\u00e1n alrededor de 40 empresas ubicadas en la regi\u00f3n, las cuales pondr\u00e1n a consideraci\u00f3n de los j\u00f3venes laguneros m\u00e1s de 400 vacantes de empleo.<br>Estas acciones se ven materializadas gracias al trabajo y empe\u00f1o por parte del gobernador, Esteban Villegas Villarreal para vincular a los j\u00f3venes con el sector empresarial para lograr a oportunidades de trabajo dignas y bien remuneradas.<br>\u201cEs del inter\u00e9s del gobernador, que la poblaci\u00f3n joven este adquiriendo m\u00e1s capacitaci\u00f3n para abrir mayores espacios, acordes a la inversi\u00f3n y los trabajos directos que ha logrado gestionar para la entidad\u201d, puntualiz\u00f3 la secretaria.<br>A trav\u00e9s de la Feria del Empleo de Inclusi\u00f3n Laboral para la Juventud, se tiene el objetivo de brindar un espacio para que los j\u00f3venes encuentren una oportunidad laboral en la que sean considerados sin importar que sean reci\u00e9n egresados o sin experiencia.<br>\u201cNo solamente hay oferta de vacantes laborales, sino tambi\u00e9n tenemos universidades particulares que nos est\u00e1n apoyando con becas para j\u00f3venes; para aprender ingl\u00e9s o alguna otra actividad acad\u00e9mica que tengan disponible entonces tambi\u00e9n pueden acudir si quieren ser acreedores este tipo de beneficios educativos\u201d, asegur\u00f3.<br>Aclar\u00f3, que aunque la Feria ha sido dise\u00f1ada para considerar a los j\u00f3venes, est\u00e1n abiertos a recibir buscadores de trabajo de todas las edades; con el prop\u00f3sito de que todas las familias duranguenses cuenten con un sustento.<br>Mencion\u00f3 que la Feria del Empleo para la inclusi\u00f3n Laboral de la Juventud es una actividad que se realiza periodicamente y han tenido una respuesta favorable por parte de los j\u00f3venes y todos los dem\u00e1s sectores buscadores de una oportunidad de trabajo:<br>\u201cEl mes pasado tuvimos buena respuesta, ya que en la primera media hora antes de arrancar el protocolo, ten\u00edamos una afluencia permanente de 160 personas, la feria termina a las 2 de la tarde y llegamos a atender a m\u00e1s de 500 personas, entre ellos j\u00f3venes y adultos\u201d, concluy\u00f3.<br>Finalmente invit\u00f3 a todos los j\u00f3venes de la regi\u00f3n Laguna a que el pr\u00f3ximo mi\u00e9rcoles 14 de agosto acudan al Centro de Convenciones, para que formen parte de esta Feria del Empleo, especialmente pensada para ellos y para brindarles herramientas que les sirvan para integrarse a su vida laboral.<\/p>\n","protected":false},"excerpt":{"rendered":"<p>Comarca Lagunera.- El gobierno encabezado por Esteban Villegas Villarreal a trav\u00e9s de la Secretar\u00eda del Trabajo y Previsi\u00f3n Social (STYPS), el Instituto de la Juventud y el Servicio Nacional del Empleo invita a los j\u00f3venes a participar el pr\u00f3ximo mi\u00e9rcoles 14 de agosto en la Feria Nacional del Empleo para la inclusi\u00f3n Laboral de la [&hellip;]<\/p>\n","protected":false},"author":1,"featured_media":8200,"comment_status":"open","ping_status":"open","sticky":false,"template":"","format":"standard","meta":{"_monsterinsights_skip_tracking":false,"_monsterinsights_sitenote_active":false,"_monsterinsights_sitenote_note":"","_monsterinsights_sitenote_category":0,"footnotes":""},"categories":[1],"tags":[],"_links":{"self":[{"href":"https:\/\/zonalimitrofe-cbnr.com\/index.php\/wp-json\/wp\/v2\/posts\/8199"}],"collection":[{"href":"https:\/\/zonalimitrofe-cbnr.com\/index.php\/wp-json\/wp\/v2\/posts"}],"about":[{"href":"https:\/\/zonalimitrofe-cbnr.com\/index.php\/wp-json\/wp\/v2\/types\/post"}],"author":[{"embeddable":true,"href":"https:\/\/zonalimitrofe-cbnr.com\/index.php\/wp-json\/wp\/v2\/users\/1"}],"replies":[{"embeddable":true,"href":"https:\/\/zonalimitrofe-cbnr.com\/index.php\/wp-json\/wp\/v2\/comments?post=8199"}],"version-history":[{"count":1,"href":"https:\/\/zonalimitrofe-cbnr.com\/index.php\/wp-json\/wp\/v2\/posts\/8199\/revisions"}],"predecessor-version":[{"id":8201,"href":"https:\/\/zonalimitrofe-cbnr.com\/index.php\/wp-json\/wp\/v2\/posts\/8199\/revisions\/8201"}],"wp:featuredmedia":[{"embeddable":true,"href":"https:\/\/zonalimitrofe-cbnr.com\/index.php\/wp-json\/wp\/v2\/media\/8200"}],"wp:attachment":[{"href":"https:\/\/zonalimitrofe-cbnr.com\/index.php\/wp-json\/wp\/v2\/media?parent=8199"}],"wp:term":[{"taxonomy":"category","embeddable":true,"href":"https:\/\/zonalimitrofe-cbnr.com\/index.php\/wp-json\/wp\/v2\/categories?post=8199"},{"taxonomy":"post_tag","embeddable":true,"href":"https:\/\/zonalimitrofe-cbnr.com\/index.php\/wp-json\/wp\/v2\/tags?post=8199"}],"curies":[{"name":"wp","href":"https:\/\/api.w.org\/{rel}","templated":true}]}}