{"id":8196,"date":"2024-08-09T16:22:57","date_gmt":"2024-08-09T22:22:57","guid":{"rendered":"https:\/\/zonalimitrofe-cbnr.com\/?p=8196"},"modified":"2024-08-09T16:22:57","modified_gmt":"2024-08-09T22:22:57","slug":"gp-festeja-ayuntamiento-de-gomez-palacio-a-los-adultos-mayores","status":"publish","type":"post","link":"https:\/\/zonalimitrofe-cbnr.com\/index.php\/2024\/08\/09\/gp-festeja-ayuntamiento-de-gomez-palacio-a-los-adultos-mayores\/","title":{"rendered":"#GP. Festeja Ayuntamiento de G\u00f3mez Palacio a los adultos mayores*"},"content":{"rendered":"\n<p>Celebrar\u00e1n los primeros 20 a\u00f1os del Asilo Municipal<\/p>\n\n\n\n<p>En el marco del Mes del Adulto Mayor, el Sistema para el Desarrollo Integral de la Familia (DIF) G\u00f3mez Palacio, celebrar\u00e1 los 20 a\u00f1os de la fundaci\u00f3n del Asilo Municipal, con una exposici\u00f3n fotogr\u00e1fica; adem\u00e1s del Baile del Recuerdo que tendr\u00e1 lugar en la Plaza Principal.<\/p>\n\n\n\n<p>Brenda Calder\u00f3n Carrete, directora del DIF, destac\u00f3 que el Asilo Municipal actualmente atiende a m\u00e1s de 30 personas.<\/p>\n\n\n\n<p>\u201cEstamos muy contentos, porque en este mes de agosto, se cumplen dos d\u00e9cadas desde que fue creado, gracias a las gestiones de la Presidenta Municipal Leticia Herrera Ale (durante su primera gesti\u00f3n como alcaldesa de G\u00f3mez Palacio) y de su se\u00f1ora madre do\u00f1a Vilma Ale de Herrera, quien era Presidenta Honoraria del Sistema, y gracias a las gestiones de ambas, se pudo crear este espacio del cual celebraremos 20 a\u00f1os ininterrumpidos de labor en favor de los adultos mayores m\u00e1s vulnerables del municipio.<\/p>\n\n\n\n<p>Mencion\u00f3 que se tiene contemplado realizar en el lugar, una exposici\u00f3n fotogr\u00e1fica, en la que se dar\u00e1 a conocer el inicio y el desarrollo que ha tenido este espacio, en beneficio de los adultos mayores que no tienen familiares y que requieren de atenci\u00f3n; adem\u00e1s se contempla una comida en la que habr\u00e1n de convivir asilados y autoridades.<\/p>\n\n\n\n<p>De igual forma, se tiene previsto llevar a cabo el Baile del Recuerdo en la Plaza Principal de G\u00f3mez Palacio. \u201cNos falta a\u00fan determinar la hora del evento, no obstante, la invitaci\u00f3n queda abierta para todos aquellos adultos mayores que deseen pasar un momento agradable, para que nos acompa\u00f1en\u201d.<\/p>\n","protected":false},"excerpt":{"rendered":"<p>Celebrar\u00e1n los primeros 20 a\u00f1os del Asilo Municipal En el marco del Mes del Adulto Mayor, el Sistema para el Desarrollo Integral de la Familia (DIF) G\u00f3mez Palacio, celebrar\u00e1 los 20 a\u00f1os de la fundaci\u00f3n del Asilo Municipal, con una exposici\u00f3n fotogr\u00e1fica; adem\u00e1s del Baile del Recuerdo que tendr\u00e1 lugar en la Plaza Principal. Brenda [&hellip;]<\/p>\n","protected":false},"author":1,"featured_media":8197,"comment_status":"open","ping_status":"open","sticky":false,"template":"","format":"standard","meta":{"_monsterinsights_skip_tracking":false,"_monsterinsights_sitenote_active":false,"_monsterinsights_sitenote_note":"","_monsterinsights_sitenote_category":0,"footnotes":""},"categories":[1],"tags":[],"_links":{"self":[{"href":"https:\/\/zonalimitrofe-cbnr.com\/index.php\/wp-json\/wp\/v2\/posts\/8196"}],"collection":[{"href":"https:\/\/zonalimitrofe-cbnr.com\/index.php\/wp-json\/wp\/v2\/posts"}],"about":[{"href":"https:\/\/zonalimitrofe-cbnr.com\/index.php\/wp-json\/wp\/v2\/types\/post"}],"author":[{"embeddable":true,"href":"https:\/\/zonalimitrofe-cbnr.com\/index.php\/wp-json\/wp\/v2\/users\/1"}],"replies":[{"embeddable":true,"href":"https:\/\/zonalimitrofe-cbnr.com\/index.php\/wp-json\/wp\/v2\/comments?post=8196"}],"version-history":[{"count":1,"href":"https:\/\/zonalimitrofe-cbnr.com\/index.php\/wp-json\/wp\/v2\/posts\/8196\/revisions"}],"predecessor-version":[{"id":8198,"href":"https:\/\/zonalimitrofe-cbnr.com\/index.php\/wp-json\/wp\/v2\/posts\/8196\/revisions\/8198"}],"wp:featuredmedia":[{"embeddable":true,"href":"https:\/\/zonalimitrofe-cbnr.com\/index.php\/wp-json\/wp\/v2\/media\/8197"}],"wp:attachment":[{"href":"https:\/\/zonalimitrofe-cbnr.com\/index.php\/wp-json\/wp\/v2\/media?parent=8196"}],"wp:term":[{"taxonomy":"category","embeddable":true,"href":"https:\/\/zonalimitrofe-cbnr.com\/index.php\/wp-json\/wp\/v2\/categories?post=8196"},{"taxonomy":"post_tag","embeddable":true,"href":"https:\/\/zonalimitrofe-cbnr.com\/index.php\/wp-json\/wp\/v2\/tags?post=8196"}],"curies":[{"name":"wp","href":"https:\/\/api.w.org\/{rel}","templated":true}]}}