{"id":8190,"date":"2024-08-09T16:17:09","date_gmt":"2024-08-09T22:17:09","guid":{"rendered":"https:\/\/zonalimitrofe-cbnr.com\/?p=8190"},"modified":"2024-08-09T16:17:09","modified_gmt":"2024-08-09T22:17:09","slug":"uadec-colabora-uadec-en-la-promocion-del-turismo-y-del-fomento-a-la-cultura","status":"publish","type":"post","link":"https:\/\/zonalimitrofe-cbnr.com\/index.php\/2024\/08\/09\/uadec-colabora-uadec-en-la-promocion-del-turismo-y-del-fomento-a-la-cultura\/","title":{"rendered":"#UAdeC. Colabora UAdeC en la Promoci\u00f3n del Turismo y del Fomento a la Cultura"},"content":{"rendered":"\n<p>SALTILLO, Coahuila. 9 de agosto de 2024. Este viernes, el rector de la Universidad Aut\u00f3noma de Coahuila, Octavio Pimentel Mart\u00ednez, asisti\u00f3 a la ceremonia oficial donde el Barrio del Ojo de Agua de Saltillo recibi\u00f3 la denominaci\u00f3n como &#8220;Barrio M\u00e1gico del Ojo de Agua&#8221; por parte de la Secretar\u00eda de Turismo Federal.<\/p>\n\n\n\n<p>En la explanada del Mirador de la Plaza M\u00e9xico de Saltillo develaron la placa con el nuevo nombre, el secretario de Turismo del Gobierno Federal, Miguel Torruco Marqu\u00e9s; el gobernador del estado de Coahuila, Manolo Jim\u00e9nez Salinas, la secretaria de Turismo y Desarrollo de Pueblos M\u00e1gicos, Cristina Amezcua Gonz\u00e1lez y el director de Fomento Econ\u00f3mico y Turismo de Saltillo, Mario Mata Quintero.<\/p>\n\n\n\n<p>Adem\u00e1s, el p\u00e1rroco de la Iglesia del Ojo de Agua de Saltillo, Jos\u00e9 Flores Ramos; el director de Servicios al Turista \u00c1ngeles Verdes, Jos\u00e9 Armando Garc\u00eda Nu\u00f1o y el encargado de la Corporaci\u00f3n de Servicios al Turista \u00c1ngeles Verdes, Juan Ram\u00f3n Garces Zamora, representantes del gobierno estatal, municipal, legislativo, judicial, y p\u00fablico en general.<\/p>\n\n\n\n<p>El rector Octavio Pimentel Mart\u00ednez, destac\u00f3 la importancia de la colaboraci\u00f3n entre las instituciones educativas con las autoridades federales, estatales y municipales, para promover el desarrollo integral de la regi\u00f3n, y una muestra de ello, es la participaci\u00f3n de la m\u00e1xima casa de estudios en uno de los lugares emblem\u00e1ticos de la ciudad como lo es el Barrio del Ojo de Agua.<\/p>\n\n\n\n<p>Afirm\u00f3 que el compromiso de la UAdeC es seguir apoyando y fomentando la riqueza cultural de la regi\u00f3n con la activa participaci\u00f3n de estudiantes de la Licenciatura en Historia de la Escuela de Ciencias Sociales, que se desempe\u00f1an como gu\u00edas tur\u00edsticos en el Centro Hist\u00f3rico de Saltillo, quienes han contribuido en la promoci\u00f3n de la historia del ahora Barrio M\u00e1gico del Ojo de Agua.<\/p>\n\n\n\n<p>De acuerdo a la Secretaria de Turismo de M\u00e9xico, la denominaci\u00f3n de \u201cBarrio M\u00e1gico\u201d representa un espacio en el que se combinan diversos elementos: historia, cultura, gastronom\u00eda, productos y servicios, as\u00ed como la convivencia de la poblaci\u00f3n local con los visitante<\/p>\n","protected":false},"excerpt":{"rendered":"<p>SALTILLO, Coahuila. 9 de agosto de 2024. Este viernes, el rector de la Universidad Aut\u00f3noma de Coahuila, Octavio Pimentel Mart\u00ednez, asisti\u00f3 a la ceremonia oficial donde el Barrio del Ojo de Agua de Saltillo recibi\u00f3 la denominaci\u00f3n como &#8220;Barrio M\u00e1gico del Ojo de Agua&#8221; por parte de la Secretar\u00eda de Turismo Federal. En la explanada [&hellip;]<\/p>\n","protected":false},"author":1,"featured_media":8191,"comment_status":"open","ping_status":"open","sticky":false,"template":"","format":"standard","meta":{"_monsterinsights_skip_tracking":false,"_monsterinsights_sitenote_active":false,"_monsterinsights_sitenote_note":"","_monsterinsights_sitenote_category":0,"footnotes":""},"categories":[1],"tags":[],"_links":{"self":[{"href":"https:\/\/zonalimitrofe-cbnr.com\/index.php\/wp-json\/wp\/v2\/posts\/8190"}],"collection":[{"href":"https:\/\/zonalimitrofe-cbnr.com\/index.php\/wp-json\/wp\/v2\/posts"}],"about":[{"href":"https:\/\/zonalimitrofe-cbnr.com\/index.php\/wp-json\/wp\/v2\/types\/post"}],"author":[{"embeddable":true,"href":"https:\/\/zonalimitrofe-cbnr.com\/index.php\/wp-json\/wp\/v2\/users\/1"}],"replies":[{"embeddable":true,"href":"https:\/\/zonalimitrofe-cbnr.com\/index.php\/wp-json\/wp\/v2\/comments?post=8190"}],"version-history":[{"count":1,"href":"https:\/\/zonalimitrofe-cbnr.com\/index.php\/wp-json\/wp\/v2\/posts\/8190\/revisions"}],"predecessor-version":[{"id":8192,"href":"https:\/\/zonalimitrofe-cbnr.com\/index.php\/wp-json\/wp\/v2\/posts\/8190\/revisions\/8192"}],"wp:featuredmedia":[{"embeddable":true,"href":"https:\/\/zonalimitrofe-cbnr.com\/index.php\/wp-json\/wp\/v2\/media\/8191"}],"wp:attachment":[{"href":"https:\/\/zonalimitrofe-cbnr.com\/index.php\/wp-json\/wp\/v2\/media?parent=8190"}],"wp:term":[{"taxonomy":"category","embeddable":true,"href":"https:\/\/zonalimitrofe-cbnr.com\/index.php\/wp-json\/wp\/v2\/categories?post=8190"},{"taxonomy":"post_tag","embeddable":true,"href":"https:\/\/zonalimitrofe-cbnr.com\/index.php\/wp-json\/wp\/v2\/tags?post=8190"}],"curies":[{"name":"wp","href":"https:\/\/api.w.org\/{rel}","templated":true}]}}