{"id":8120,"date":"2024-08-07T15:03:09","date_gmt":"2024-08-07T21:03:09","guid":{"rendered":"https:\/\/zonalimitrofe-cbnr.com\/?p=8120"},"modified":"2024-08-07T15:03:10","modified_gmt":"2024-08-07T21:03:10","slug":"durango-gobierno-encabezado-por-esteban-villegas-impulsa-a-jovenes-para-prepararse-a-nivel-internacional","status":"publish","type":"post","link":"https:\/\/zonalimitrofe-cbnr.com\/index.php\/2024\/08\/07\/durango-gobierno-encabezado-por-esteban-villegas-impulsa-a-jovenes-para-prepararse-a-nivel-internacional\/","title":{"rendered":"#Durango. GOBIERNO ENCABEZADO POR ESTEBAN VILLEGAS IMPULSA A J\u00d3VENES PARA PREPARARSE A NIVEL INTERNACIONAL"},"content":{"rendered":"\n<p>Comarca Lagunera.- Con el objetivo de impulsar a los estudiantes del Estado de Durango; el gobierno encabezado por Esteban Villegas Villarreal, a trav\u00e9s de la Universidad Tecnol\u00f3gica de La Laguna Durango (UTLD) incentiva a los j\u00f3venes a participar en mecanismos internacionales como la Beca de Movilidad Internacional de la Alianza del Pac\u00edfico.<br>El rector de la UTLD, V\u00edctor Alonso G\u00f3mez Hern\u00e1ndez, destac\u00f3 que la joven Nicol Contreras Adame, estudiante del octavo semestre de la carrera de Log\u00edstica Internacional, fue la acreedora de la beca de Movilidad Internacional otorgada a trav\u00e9s de la Alianza del Pac\u00edfico, misma que es entregada de manera anual y pone a disposici\u00f3n de los estudiantes cursar un semestre con materias relacionadas a la carrera que est\u00e9 desarrollando el estudiante.<br>\u201cNuestra estudiante Nicol se encuentra en la Universidad de la Sabana ubicada en Ch\u00eda, Colombia; en la cual inici\u00f3 clases el lunes 22 de julio y estar\u00e1 de regreso en nuestro pa\u00eds el pr\u00f3ximo 29 de noviembre de este a\u00f1o\u201d, inform\u00f3 el rector de la Universidad.<br>Destac\u00f3, que estas acciones son parte de la apertura que tiene el gobierno de Esteban Villegas para continuar trabajando en el fortalecimiento y la vinculaci\u00f3n e internacionalizaci\u00f3n de los estudiantes de la regi\u00f3n Laguna y de toda la entidad para obtener herramientas que les permitan ser los id\u00f3neos para ingresar al campo laboral con un salario digno.<br>La Alianza del Pac\u00edfico en su Plataforma de movilidad estudiantil y acad\u00e9mica cuenta con un programa de becas que se otorgan de manera rec\u00edproca, con el prop\u00f3sito de contribuir a la formaci\u00f3n de capital humano de alto nivel en los cuatro pa\u00edses miembros: Chile, Colombia, M\u00e9xico y Per\u00fa.<br>El Programa tiene como objetivo apoyar a estudiantes y docentes a cursar materias o realizar actividades acad\u00e9micas durante un semestre en universidades de los cuatro pa\u00edses que participan en el programa.<br>Las \u00e1reas prioritarias son Negocios; Finanzas; Comercio Internacional; Administraci\u00f3n P\u00fablica; Ciencias Pol\u00edticas; Turismo; Econom\u00eda; Relaciones Internacionales; Medio Ambiente y Cambio Clim\u00e1tico; Innovaci\u00f3n, Ciencia y Tecnolog\u00eda e Ingenier\u00edas.<\/p>\n","protected":false},"excerpt":{"rendered":"<p>Comarca Lagunera.- Con el objetivo de impulsar a los estudiantes del Estado de Durango; el gobierno encabezado por Esteban Villegas Villarreal, a trav\u00e9s de la Universidad Tecnol\u00f3gica de La Laguna Durango (UTLD) incentiva a los j\u00f3venes a participar en mecanismos internacionales como la Beca de Movilidad Internacional de la Alianza del Pac\u00edfico.El rector de la [&hellip;]<\/p>\n","protected":false},"author":1,"featured_media":8121,"comment_status":"open","ping_status":"open","sticky":false,"template":"","format":"standard","meta":{"_monsterinsights_skip_tracking":false,"_monsterinsights_sitenote_active":false,"_monsterinsights_sitenote_note":"","_monsterinsights_sitenote_category":0,"footnotes":""},"categories":[1],"tags":[],"_links":{"self":[{"href":"https:\/\/zonalimitrofe-cbnr.com\/index.php\/wp-json\/wp\/v2\/posts\/8120"}],"collection":[{"href":"https:\/\/zonalimitrofe-cbnr.com\/index.php\/wp-json\/wp\/v2\/posts"}],"about":[{"href":"https:\/\/zonalimitrofe-cbnr.com\/index.php\/wp-json\/wp\/v2\/types\/post"}],"author":[{"embeddable":true,"href":"https:\/\/zonalimitrofe-cbnr.com\/index.php\/wp-json\/wp\/v2\/users\/1"}],"replies":[{"embeddable":true,"href":"https:\/\/zonalimitrofe-cbnr.com\/index.php\/wp-json\/wp\/v2\/comments?post=8120"}],"version-history":[{"count":1,"href":"https:\/\/zonalimitrofe-cbnr.com\/index.php\/wp-json\/wp\/v2\/posts\/8120\/revisions"}],"predecessor-version":[{"id":8122,"href":"https:\/\/zonalimitrofe-cbnr.com\/index.php\/wp-json\/wp\/v2\/posts\/8120\/revisions\/8122"}],"wp:featuredmedia":[{"embeddable":true,"href":"https:\/\/zonalimitrofe-cbnr.com\/index.php\/wp-json\/wp\/v2\/media\/8121"}],"wp:attachment":[{"href":"https:\/\/zonalimitrofe-cbnr.com\/index.php\/wp-json\/wp\/v2\/media?parent=8120"}],"wp:term":[{"taxonomy":"category","embeddable":true,"href":"https:\/\/zonalimitrofe-cbnr.com\/index.php\/wp-json\/wp\/v2\/categories?post=8120"},{"taxonomy":"post_tag","embeddable":true,"href":"https:\/\/zonalimitrofe-cbnr.com\/index.php\/wp-json\/wp\/v2\/tags?post=8120"}],"curies":[{"name":"wp","href":"https:\/\/api.w.org\/{rel}","templated":true}]}}