{"id":8101,"date":"2024-08-07T14:46:52","date_gmt":"2024-08-07T20:46:52","guid":{"rendered":"https:\/\/zonalimitrofe-cbnr.com\/?p=8101"},"modified":"2024-08-07T14:46:52","modified_gmt":"2024-08-07T20:46:52","slug":"torreon-alcalde-supervisa-la-construccion-de-la-nueva-casa-cuna-de-dif-torreon","status":"publish","type":"post","link":"https:\/\/zonalimitrofe-cbnr.com\/index.php\/2024\/08\/07\/torreon-alcalde-supervisa-la-construccion-de-la-nueva-casa-cuna-de-dif-torreon\/","title":{"rendered":"#Torre\u00f3n. Alcalde supervisa la construcci\u00f3n de la nueva Casa Cuna de DIF Torre\u00f3n\u00a0"},"content":{"rendered":"\n<p>Torre\u00f3n, Coahuila. A 07 de agosto de 2024.<\/p>\n\n\n\n<p>El alcalde Rom\u00e1n Alberto Cepeda Gonz\u00e1lez supervis\u00f3 este mi\u00e9rcoles, la construcci\u00f3n de la nueva Casa Cuna del Sistema para el Desarrollo Integral de la Familia (DIF) Torre\u00f3n, la cual tendr\u00e1 capacidad para atender hasta 100 ni\u00f1os en situaci\u00f3n de vulnerabilidad.<br>&nbsp;<br>La obra tendr\u00e1 una inversi\u00f3n municipal de 52 millones de pesos, m\u00e1s el costo del equipamiento que estar\u00e1 a cargo del DIF Torre\u00f3n, el cual ha recaudado hasta el momento 8 millones de pesos con este objetivo, a trav\u00e9s de diversas actividades con causa, y se estima sumar otros dos millones de pesos para el mobiliario.<\/p>\n\n\n\n<p>El Presidente Municipal dijo que el motivo principal de la obra es brindar atenci\u00f3n integral a los ni\u00f1os m\u00e1s vulnerables de Torre\u00f3n, en un espacio adecuado a sus necesidades y al de la ciudad.<\/p>\n\n\n\n<p>\u201cLo m\u00e1s importante es la causa social que motiva esta obra y que tiene que ver con atender a cerca de 100 ni\u00f1os, esperemos que sean menos quienes se encuentren en esa situaci\u00f3n de vulnerabilidad, pero Torre\u00f3n crece y es importante estar preparados para que los menores tengan la atenci\u00f3n que merecen\u201d, dijo el edil.<br>&nbsp;<br>Cepeda Gonz\u00e1lez explic\u00f3 que el proyecto de la nueva Casa Cuna se contempl\u00f3 para su funcionamiento en el corto, mediano y largo plazo.<br>&nbsp;<br>\u201cAhorita la Casa Cuna atiende alrededor de 35 ni\u00f1os, pero tener un espacio que cubra la necesidad de un Torre\u00f3n para los pr\u00f3ximos tres, 10 o 20 a\u00f1os, es importante porque los ni\u00f1os y j\u00f3venes nos necesitan\u201d, expres\u00f3.<\/p>\n\n\n\n<p>En su mensaje, el edil destac\u00f3 la dedicaci\u00f3n de la Se\u00f1ora Selina Bremer de Cepeda, Presidenta Honoraria del DIF Torre\u00f3n, y del equipo y colaboradores del sistema municipal, quienes contribuyen a esta causa y asegur\u00f3 que ser\u00e1 a principios de diciembre cuando ya est\u00e9 operando la nueva Casa Cuna.<br>&nbsp;<br>Referente a la antigua Casa Cuna, el Presidente Municipal dijo que ser\u00e1 rehabilitada para convertirse en un gran Centro Comunitario que beneficiar\u00e1 a los habitantes del sector oriente, sur oriente y una parte importante del norte, as\u00ed como a comunidades como La Palma, El Per\u00fa, La Partida, La Concha entre otros.<br>&nbsp;<\/p>\n\n\n\n<p>Por su parte, la se\u00f1ora Selina Bremer de Cepeda explic\u00f3 que los ni\u00f1os que reciben en Casa Cuna son canalizados por la Procuradur\u00eda para Ni\u00f1os, Ni\u00f1as y La Familia (Proniff), quienes son violentados o se encuentran en situaci\u00f3n de vulnerabilidad. &nbsp;<br>&nbsp;<br>Las edades de los menores van de los cero a los ocho a\u00f1os.<br>&nbsp;<br>La Presidenta Honoraria dijo que la nueva Casa Cuna tendr\u00e1 el \u00e1rea de psicolog\u00eda, una recreativa y habitaciones divididas por edades puesto que las necesidades son distintas.<br>&nbsp;<br>\u201cLas aulas ser\u00e1n ambientes Montessori. Las gu\u00edas se est\u00e1n capacitando en el m\u00e9todo y seguiremos con el personal que ya tenemos como son psic\u00f3logas, cuidadoras, enfermeras y cocineras\u201d, mencion\u00f3.<br>&nbsp;<br>Adem\u00e1s, en el lugar se habilitar\u00e1 un bosque con 300 \u00e1rboles end\u00e9micos en beneficio de los usuarios.<br>&nbsp;<br>En cuanto a los detalles t\u00e9cnicos, Juan Adolfo Von Bertrab Saracho, director de Obras P\u00fablicas, dijo que hubo mucho trabajo de excavaci\u00f3n de m\u00e1s de tres metros de profundidad, construyendo una gran plataforma para tener un edificio de gran calidad y evitar posibles afectaciones en el suelo.<br>&nbsp;<br>\u201cRecordemos que este lugar fue un basurero, se encontr\u00f3 mucha materia org\u00e1nica que luego genera problemas a los edificios, por lo que fue retirada y recompuesta con una plataforma de cimentaci\u00f3n. Ya est\u00e1n todas las obras inducidas como son las trabes invertidas para el soporte de la estructura, y la parte que comprende el sistema hidr\u00e1ulico y sanitario, que luego no se ve pero ya est\u00e1\u201d, detall\u00f3 el funcionario.<br>&nbsp;<br>Dijo que adem\u00e1s habr\u00e1 un doble drenaje para que del \u00e1rea de cocina salga una peque\u00f1a planta tratadora y el agua se pueda utilizar para el riego de plantas.<br>&nbsp;<br>Tambi\u00e9n se construir\u00e1 una cancha de basquetbol para ni\u00f1os, pasillo para bicicleta, juegos infantiles y \u00e1rea de cuneros.<br>&nbsp;<br>Durante el recorrido tambi\u00e9n estuvo presente Marlene Mart\u00ednez Vald\u00e9s, directora general del organismo.<br>&nbsp;<\/p>\n","protected":false},"excerpt":{"rendered":"<p>Torre\u00f3n, Coahuila. A 07 de agosto de 2024. El alcalde Rom\u00e1n Alberto Cepeda Gonz\u00e1lez supervis\u00f3 este mi\u00e9rcoles, la construcci\u00f3n de la nueva Casa Cuna del Sistema para el Desarrollo Integral de la Familia (DIF) Torre\u00f3n, la cual tendr\u00e1 capacidad para atender hasta 100 ni\u00f1os en situaci\u00f3n de vulnerabilidad.&nbsp;La obra tendr\u00e1 una inversi\u00f3n municipal de 52 [&hellip;]<\/p>\n","protected":false},"author":1,"featured_media":8102,"comment_status":"open","ping_status":"open","sticky":false,"template":"","format":"standard","meta":{"_monsterinsights_skip_tracking":false,"_monsterinsights_sitenote_active":false,"_monsterinsights_sitenote_note":"","_monsterinsights_sitenote_category":0,"footnotes":""},"categories":[1],"tags":[],"_links":{"self":[{"href":"https:\/\/zonalimitrofe-cbnr.com\/index.php\/wp-json\/wp\/v2\/posts\/8101"}],"collection":[{"href":"https:\/\/zonalimitrofe-cbnr.com\/index.php\/wp-json\/wp\/v2\/posts"}],"about":[{"href":"https:\/\/zonalimitrofe-cbnr.com\/index.php\/wp-json\/wp\/v2\/types\/post"}],"author":[{"embeddable":true,"href":"https:\/\/zonalimitrofe-cbnr.com\/index.php\/wp-json\/wp\/v2\/users\/1"}],"replies":[{"embeddable":true,"href":"https:\/\/zonalimitrofe-cbnr.com\/index.php\/wp-json\/wp\/v2\/comments?post=8101"}],"version-history":[{"count":1,"href":"https:\/\/zonalimitrofe-cbnr.com\/index.php\/wp-json\/wp\/v2\/posts\/8101\/revisions"}],"predecessor-version":[{"id":8103,"href":"https:\/\/zonalimitrofe-cbnr.com\/index.php\/wp-json\/wp\/v2\/posts\/8101\/revisions\/8103"}],"wp:featuredmedia":[{"embeddable":true,"href":"https:\/\/zonalimitrofe-cbnr.com\/index.php\/wp-json\/wp\/v2\/media\/8102"}],"wp:attachment":[{"href":"https:\/\/zonalimitrofe-cbnr.com\/index.php\/wp-json\/wp\/v2\/media?parent=8101"}],"wp:term":[{"taxonomy":"category","embeddable":true,"href":"https:\/\/zonalimitrofe-cbnr.com\/index.php\/wp-json\/wp\/v2\/categories?post=8101"},{"taxonomy":"post_tag","embeddable":true,"href":"https:\/\/zonalimitrofe-cbnr.com\/index.php\/wp-json\/wp\/v2\/tags?post=8101"}],"curies":[{"name":"wp","href":"https:\/\/api.w.org\/{rel}","templated":true}]}}