{"id":8092,"date":"2024-08-07T14:35:40","date_gmt":"2024-08-07T20:35:40","guid":{"rendered":"https:\/\/zonalimitrofe-cbnr.com\/?p=8092"},"modified":"2024-08-07T14:35:41","modified_gmt":"2024-08-07T20:35:41","slug":"lerdo-servicios-publicos-realiza-limpieza-en-plazas-del-norponiente-de-la-ciudad","status":"publish","type":"post","link":"https:\/\/zonalimitrofe-cbnr.com\/index.php\/2024\/08\/07\/lerdo-servicios-publicos-realiza-limpieza-en-plazas-del-norponiente-de-la-ciudad\/","title":{"rendered":"#Lerdo. SERVICIOS P\u00daBLICOS REALIZA LIMPIEZA EN PLAZAS DEL NORPONIENTE DE LA CIUDAD*"},"content":{"rendered":"\n<p>Lerdo, 07 de agosto 2024.- Por instrucciones precisas del Alcalde de Lerdo, Homero Mart\u00ednez Cabrera, la direcci\u00f3n de Servicios P\u00fablicos a trav\u00e9s de las \u00e1reas de limpieza acudieron a los fraccionamientos del norponiente de la ciudad, para realizar acciones de rehabilitaci\u00f3n de las plazas p\u00fablicas.<\/p>\n\n\n\n<p>Juan Manuel Lav\u00edn, jefe del departamento de Parques y Jardines, inform\u00f3 que durante esta jornada, se llevaron a cabo trabajos de limpieza manual, recolecci\u00f3n de escombro y deshierbe en las plazas de los fraccionamientos Sarabia, Ampliaci\u00f3n Las Huertas y Privada Sarabia.<\/p>\n\n\n\n<p>As\u00ed mismo, se dio inicio a una jornada intensa en el corredor central del Perif\u00e9rico de la ciudad, con poda deshierbe y barrido manual. Cabe se\u00f1alar que este espacio es un \u00e1rea de recreaci\u00f3n de actividades f\u00edsicas que es visitada por cientos de ciudadanos, a quienes se les exhorta para tomar precauciones al cruzar al camell\u00f3n central.<\/p>\n\n\n\n<p>La dependencia invita a los ciudadanos para mantener limpios los espacios p\u00fablicos (no arrojar basura ni escombro) y en buenas condiciones para el disfrute de toda la comunidad, de igual manera, reportar cualquier actividad relacionada con la contaminaci\u00f3n enviando un mensaje de WhatsApp al 87 18 86 56 54.<\/p>\n","protected":false},"excerpt":{"rendered":"<p>Lerdo, 07 de agosto 2024.- Por instrucciones precisas del Alcalde de Lerdo, Homero Mart\u00ednez Cabrera, la direcci\u00f3n de Servicios P\u00fablicos a trav\u00e9s de las \u00e1reas de limpieza acudieron a los fraccionamientos del norponiente de la ciudad, para realizar acciones de rehabilitaci\u00f3n de las plazas p\u00fablicas. Juan Manuel Lav\u00edn, jefe del departamento de Parques y Jardines, [&hellip;]<\/p>\n","protected":false},"author":1,"featured_media":8093,"comment_status":"open","ping_status":"open","sticky":false,"template":"","format":"standard","meta":{"_monsterinsights_skip_tracking":false,"_monsterinsights_sitenote_active":false,"_monsterinsights_sitenote_note":"","_monsterinsights_sitenote_category":0,"footnotes":""},"categories":[1],"tags":[],"_links":{"self":[{"href":"https:\/\/zonalimitrofe-cbnr.com\/index.php\/wp-json\/wp\/v2\/posts\/8092"}],"collection":[{"href":"https:\/\/zonalimitrofe-cbnr.com\/index.php\/wp-json\/wp\/v2\/posts"}],"about":[{"href":"https:\/\/zonalimitrofe-cbnr.com\/index.php\/wp-json\/wp\/v2\/types\/post"}],"author":[{"embeddable":true,"href":"https:\/\/zonalimitrofe-cbnr.com\/index.php\/wp-json\/wp\/v2\/users\/1"}],"replies":[{"embeddable":true,"href":"https:\/\/zonalimitrofe-cbnr.com\/index.php\/wp-json\/wp\/v2\/comments?post=8092"}],"version-history":[{"count":1,"href":"https:\/\/zonalimitrofe-cbnr.com\/index.php\/wp-json\/wp\/v2\/posts\/8092\/revisions"}],"predecessor-version":[{"id":8094,"href":"https:\/\/zonalimitrofe-cbnr.com\/index.php\/wp-json\/wp\/v2\/posts\/8092\/revisions\/8094"}],"wp:featuredmedia":[{"embeddable":true,"href":"https:\/\/zonalimitrofe-cbnr.com\/index.php\/wp-json\/wp\/v2\/media\/8093"}],"wp:attachment":[{"href":"https:\/\/zonalimitrofe-cbnr.com\/index.php\/wp-json\/wp\/v2\/media?parent=8092"}],"wp:term":[{"taxonomy":"category","embeddable":true,"href":"https:\/\/zonalimitrofe-cbnr.com\/index.php\/wp-json\/wp\/v2\/categories?post=8092"},{"taxonomy":"post_tag","embeddable":true,"href":"https:\/\/zonalimitrofe-cbnr.com\/index.php\/wp-json\/wp\/v2\/tags?post=8092"}],"curies":[{"name":"wp","href":"https:\/\/api.w.org\/{rel}","templated":true}]}}