{"id":8053,"date":"2024-08-06T17:57:56","date_gmt":"2024-08-06T23:57:56","guid":{"rendered":"https:\/\/zonalimitrofe-cbnr.com\/?p=8053"},"modified":"2024-08-06T17:57:56","modified_gmt":"2024-08-06T23:57:56","slug":"gp-invita-club-de-ninos-ninas-y-adolescentes-del-dif-a-sus-cursos-tras-el-periodo-vacacional","status":"publish","type":"post","link":"https:\/\/zonalimitrofe-cbnr.com\/index.php\/2024\/08\/06\/gp-invita-club-de-ninos-ninas-y-adolescentes-del-dif-a-sus-cursos-tras-el-periodo-vacacional\/","title":{"rendered":"#GP. Invita Club de Ni\u00f1os, Ni\u00f1as y Adolescentes del DIF, a sus cursos tras el periodo vacacional*"},"content":{"rendered":"\n<p>Una vez que concluya el per\u00edodo vacacional de verano, el Club de Ni\u00f1os, Ni\u00f1as y Adolescentes del Sistema para el Desarrollo Integral de la Familia (DIF), retomar\u00e1 los cursos, talleres y actividades deportivas que aqu\u00ed se imparten de lunes a viernes.<\/p>\n\n\n\n<p>Brenda Calder\u00f3n Carrete, directora del DIF record\u00f3 que a este lugar acuden a aprender jugando y a divertirse, cerca de 200 ni\u00f1as y ni\u00f1os menores de entre 7 y 17 a\u00f1os 11 mes, quienes viven en las cercan\u00edas del lugar.<\/p>\n\n\n\n<p>Record\u00f3 que los interesados podr\u00e1n acceder a este lugar, una vez que reabra sus puertas a los talleres de manualidades, cursos de valores, din\u00e1micas deportivas, culturales y de esparcimiento que aqu\u00ed se llevan a cabo.<\/p>\n\n\n\n<p>Calder\u00f3n Carrete se\u00f1al\u00f3 que, a trav\u00e9s de este Club de Ni\u00f1os, Ni\u00f1as y Adolescentes, la Presidenta Municipal Leticia Herrera Ale y el DIF, velan por el inter\u00e9s superior de los ni\u00f1os, ni\u00f1as y adolescentes.<\/p>\n\n\n\n<p>Indic\u00f3 que para ser parte de este Club del DIF, ubicado en Avenida Central S\/N, entre Guerrero y Michoac\u00e1n de la colonia Valle de Chapala, se necesita tener entre 6 y 17 a\u00f1os 11 meses a\u00f1os de edad, presentar constancia de estudios, acta de nacimiento, CURP, comprobante de domicilio; n\u00famero de seguro social (en caso de tenerlo), copia del INE del padre o tutor.<\/p>\n","protected":false},"excerpt":{"rendered":"<p>Una vez que concluya el per\u00edodo vacacional de verano, el Club de Ni\u00f1os, Ni\u00f1as y Adolescentes del Sistema para el Desarrollo Integral de la Familia (DIF), retomar\u00e1 los cursos, talleres y actividades deportivas que aqu\u00ed se imparten de lunes a viernes. Brenda Calder\u00f3n Carrete, directora del DIF record\u00f3 que a este lugar acuden a aprender [&hellip;]<\/p>\n","protected":false},"author":1,"featured_media":8054,"comment_status":"open","ping_status":"open","sticky":false,"template":"","format":"standard","meta":{"_monsterinsights_skip_tracking":false,"_monsterinsights_sitenote_active":false,"_monsterinsights_sitenote_note":"","_monsterinsights_sitenote_category":0,"footnotes":""},"categories":[1],"tags":[],"_links":{"self":[{"href":"https:\/\/zonalimitrofe-cbnr.com\/index.php\/wp-json\/wp\/v2\/posts\/8053"}],"collection":[{"href":"https:\/\/zonalimitrofe-cbnr.com\/index.php\/wp-json\/wp\/v2\/posts"}],"about":[{"href":"https:\/\/zonalimitrofe-cbnr.com\/index.php\/wp-json\/wp\/v2\/types\/post"}],"author":[{"embeddable":true,"href":"https:\/\/zonalimitrofe-cbnr.com\/index.php\/wp-json\/wp\/v2\/users\/1"}],"replies":[{"embeddable":true,"href":"https:\/\/zonalimitrofe-cbnr.com\/index.php\/wp-json\/wp\/v2\/comments?post=8053"}],"version-history":[{"count":1,"href":"https:\/\/zonalimitrofe-cbnr.com\/index.php\/wp-json\/wp\/v2\/posts\/8053\/revisions"}],"predecessor-version":[{"id":8055,"href":"https:\/\/zonalimitrofe-cbnr.com\/index.php\/wp-json\/wp\/v2\/posts\/8053\/revisions\/8055"}],"wp:featuredmedia":[{"embeddable":true,"href":"https:\/\/zonalimitrofe-cbnr.com\/index.php\/wp-json\/wp\/v2\/media\/8054"}],"wp:attachment":[{"href":"https:\/\/zonalimitrofe-cbnr.com\/index.php\/wp-json\/wp\/v2\/media?parent=8053"}],"wp:term":[{"taxonomy":"category","embeddable":true,"href":"https:\/\/zonalimitrofe-cbnr.com\/index.php\/wp-json\/wp\/v2\/categories?post=8053"},{"taxonomy":"post_tag","embeddable":true,"href":"https:\/\/zonalimitrofe-cbnr.com\/index.php\/wp-json\/wp\/v2\/tags?post=8053"}],"curies":[{"name":"wp","href":"https:\/\/api.w.org\/{rel}","templated":true}]}}