{"id":8046,"date":"2024-08-06T17:50:58","date_gmt":"2024-08-06T23:50:58","guid":{"rendered":"https:\/\/zonalimitrofe-cbnr.com\/?p=8046"},"modified":"2024-08-06T17:50:59","modified_gmt":"2024-08-06T23:50:59","slug":"durango-impulsa-gobierno-del-estado-productos-de-emprendedores-locales-con-encuentro-de-negocios-2024","status":"publish","type":"post","link":"https:\/\/zonalimitrofe-cbnr.com\/index.php\/2024\/08\/06\/durango-impulsa-gobierno-del-estado-productos-de-emprendedores-locales-con-encuentro-de-negocios-2024\/","title":{"rendered":"#Durango. Impulsa Gobierno del Estado productos de emprendedores locales con \u201cEncuentro de Negocios 2024\u201d*"},"content":{"rendered":"\n<ul>\n<li><em>Recibe DIF Estatal t\u00edtulo de marca \u201cCon Valor y Coraz\u00f3n\u201d, para ofrecer sus productos en comercios.<\/em><\/li>\n\n\n\n<li><em>Gobierno del Estado, signa convenio de colaboraci\u00f3n con la Asociaci\u00f3n Mexicana de Franquicias y Cadenas Comerciales como Walmart, OXXO, Ley, Soriana, Chedraui y AlSuper.<\/em><\/li>\n\n\n\n<li><em>El Encuentro se lleva a cabo los d\u00edas 06 y 07 de agosto, en donde los emprendedores, tienen la oportunidad de vincularse con diferentes supermercados.<\/em><\/li>\n<\/ul>\n\n\n\n<p>Esta es una alternativa de desarrollo local que impulsa el Gobierno que encabeza Esteban Villegas para que los productos regionales se den a conocer en todo el mundo, destac\u00f3 el titular de la Secretar\u00eda de Desarrollo Econ\u00f3mico (SEDECO), Fernando Rosas Palafox al poner en marcha el \u201cEncuentro de Negocios 2024\u201d con la participaci\u00f3n de emprendedores duranguenses.<\/p>\n\n\n\n<p>Los empresarios tendr\u00e1n la oportunidad de ampliar su alcance y conquistar otros nichos de mercado en cadenas comerciales m\u00e1s importantes de M\u00e9xico, detall\u00f3 Rosas Palafox, al signar dos convenios de colaboraci\u00f3n con la Asociaci\u00f3n Mexicana de Franquicias y el otro con cadenas comerciales como Walmart, OXXO, Ley, Soriana, Chedraui y AlSuper, para que los productos duranguenses tengan presencia en estos comercios.<\/p>\n\n\n\n<p>Tambi\u00e9n, entreg\u00f3 al DIF Estatal el T\u00edtulo de Marca \u201cCon Valor y Coraz\u00f3n\u201d, con el fin de que los productos de panader\u00eda que se realizan en el CAS y en la maquila de costura, est\u00e9n a la venta en cadenas comerciales.<\/p>\n\n\n\n<p>En el Gobierno somos grandes aliados de los emprendedores, apoy\u00e1ndoles con las bases para que se generen m\u00e1s empleos y la econom\u00eda fluya en el estado, es por eso, que en este encuentro se tendr\u00e1n capacitaciones para todos aquellos que quieran entrar a s\u00faper mercados, que cuenten con una cita directa con las marcas nacionales e internacionales para que directamente y sin costo, aprendan, y sus negocios lleguen a estas cadenas, explic\u00f3 el titular de SEDECO.<\/p>\n\n\n\n<p>Record\u00f3 que en la Secretar\u00eda a su cargo, se les brinda apoyo a los comerciantes en la formalizaci\u00f3n, profesionalizaci\u00f3n, comercializaci\u00f3n log\u00edstica y exportaci\u00f3n de las empresas, sin importar en qu\u00e9 proceso vaya su producto, asimismo, se tendr\u00e1 capacitaci\u00f3n para que los comerciantes aprendan a vender sus productos por medio de Shein, Amaz\u00f3n, entre otras plataformas digitales.<\/p>\n\n\n\n<p>El director General de la Asociaci\u00f3n de las Am\u00e9ricas de Supermercados, Ignacio Tatto Amador, agradeci\u00f3 al Gobierno del Estado por este tipo de Encuentros que vienen a resaltar la profesionalizaci\u00f3n de las empresas y reafirm\u00f3 el compromiso con Durango para emprender una estrategia conjunta, fomentar la producci\u00f3n y nueva proveedur\u00eda en los diferentes pa\u00edses donde se tiene representaci\u00f3n, como Estados Unidos, Costa Rica, Colombia, Per\u00fa, Venezuela, Bolivia, Chile, Argentina y Brasil.<\/p>\n\n\n\n<p>Recomend\u00f3 a los emprendedores presenciar las platicar que se llevar\u00e1n a cabo durante los dos d\u00edas del Encuentro, ya que aprender\u00e1n del posicionamiento de la marca, esquemas de financiamiento y temas que les servir\u00e1n para llevar a cabo un negocio.<\/p>\n\n\n\n<p>La finalidad de este encuentro es reunir en un mismo espacio a todos los emprendedores, PyMEs y empresarios locales que concluyeron el proceso de formalizaci\u00f3n y profesionalizaci\u00f3n, con el objetivo de vincularse con aliados estrat\u00e9gicos nacionales e internacionales que ayudar\u00e1n a la mejora continua de sus productos, servicios y operaciones empresariales.<\/p>\n","protected":false},"excerpt":{"rendered":"<p>Esta es una alternativa de desarrollo local que impulsa el Gobierno que encabeza Esteban Villegas para que los productos regionales se den a conocer en todo el mundo, destac\u00f3 el titular de la Secretar\u00eda de Desarrollo Econ\u00f3mico (SEDECO), Fernando Rosas Palafox al poner en marcha el \u201cEncuentro de Negocios 2024\u201d con la participaci\u00f3n de emprendedores [&hellip;]<\/p>\n","protected":false},"author":1,"featured_media":8047,"comment_status":"open","ping_status":"open","sticky":false,"template":"","format":"standard","meta":{"_monsterinsights_skip_tracking":false,"_monsterinsights_sitenote_active":false,"_monsterinsights_sitenote_note":"","_monsterinsights_sitenote_category":0,"footnotes":""},"categories":[1],"tags":[],"_links":{"self":[{"href":"https:\/\/zonalimitrofe-cbnr.com\/index.php\/wp-json\/wp\/v2\/posts\/8046"}],"collection":[{"href":"https:\/\/zonalimitrofe-cbnr.com\/index.php\/wp-json\/wp\/v2\/posts"}],"about":[{"href":"https:\/\/zonalimitrofe-cbnr.com\/index.php\/wp-json\/wp\/v2\/types\/post"}],"author":[{"embeddable":true,"href":"https:\/\/zonalimitrofe-cbnr.com\/index.php\/wp-json\/wp\/v2\/users\/1"}],"replies":[{"embeddable":true,"href":"https:\/\/zonalimitrofe-cbnr.com\/index.php\/wp-json\/wp\/v2\/comments?post=8046"}],"version-history":[{"count":1,"href":"https:\/\/zonalimitrofe-cbnr.com\/index.php\/wp-json\/wp\/v2\/posts\/8046\/revisions"}],"predecessor-version":[{"id":8048,"href":"https:\/\/zonalimitrofe-cbnr.com\/index.php\/wp-json\/wp\/v2\/posts\/8046\/revisions\/8048"}],"wp:featuredmedia":[{"embeddable":true,"href":"https:\/\/zonalimitrofe-cbnr.com\/index.php\/wp-json\/wp\/v2\/media\/8047"}],"wp:attachment":[{"href":"https:\/\/zonalimitrofe-cbnr.com\/index.php\/wp-json\/wp\/v2\/media?parent=8046"}],"wp:term":[{"taxonomy":"category","embeddable":true,"href":"https:\/\/zonalimitrofe-cbnr.com\/index.php\/wp-json\/wp\/v2\/categories?post=8046"},{"taxonomy":"post_tag","embeddable":true,"href":"https:\/\/zonalimitrofe-cbnr.com\/index.php\/wp-json\/wp\/v2\/tags?post=8046"}],"curies":[{"name":"wp","href":"https:\/\/api.w.org\/{rel}","templated":true}]}}