{"id":8036,"date":"2024-08-05T16:19:30","date_gmt":"2024-08-05T22:19:30","guid":{"rendered":"https:\/\/zonalimitrofe-cbnr.com\/?p=8036"},"modified":"2024-08-05T16:19:30","modified_gmt":"2024-08-05T22:19:30","slug":"lerdo-ultima-semana-del-curso-de-verano-deportivo-en-lerdo","status":"publish","type":"post","link":"https:\/\/zonalimitrofe-cbnr.com\/index.php\/2024\/08\/05\/lerdo-ultima-semana-del-curso-de-verano-deportivo-en-lerdo\/","title":{"rendered":"#Lerdo. \u00daLTIMA SEMANA DEL CURSO DE VERANO DEPORTIVO EN LERDO*"},"content":{"rendered":"\n<p>Lerdo, 05 de agosto 2024.- El Instituto Municipal del Deporte (IMD) inform\u00f3 que esta semana concluir\u00e1 el \u201cCurso de Verano Deportivo Lerdo 2024\u201d, el cual, durante cuatro semanas, se desarroll\u00f3 en la Unidad Deportiva Francisco Sarabia.<\/p>\n\n\n\n<p>El director del IMD, Jes\u00fas Balderas Antuna, coment\u00f3 que la clausura del curso se realizar\u00e1 el pr\u00f3ximo viernes 09 de agosto, con una visita al Museo Acertijo, como parte de una din\u00e1mica de recreaci\u00f3n para los infantes.<\/p>\n\n\n\n<p>Durante este curso, los infantes pudieron conocer en detalle pr\u00e1cticas deportivas como nataci\u00f3n, f\u00fatbol, baloncesto, b\u00e9isbol y atletismo. Adem\u00e1s, recibieron capacitaciones por parte de Medio Ambiente y participaron en la reforestaci\u00f3n de la Unidad Deportiva.<\/p>\n\n\n\n<p>Para finalizar, se\u00f1al\u00f3 que este curso se lleva a cabo gracias al apoyo permanente al deporte por parte del Alcalde Homero Mart\u00ednez Cabrera, quien dio indicaciones para realizar este tipo de programas que fomentan la actividad f\u00edsica en los ni\u00f1os.<\/p>\n","protected":false},"excerpt":{"rendered":"<p>Lerdo, 05 de agosto 2024.- El Instituto Municipal del Deporte (IMD) inform\u00f3 que esta semana concluir\u00e1 el \u201cCurso de Verano Deportivo Lerdo 2024\u201d, el cual, durante cuatro semanas, se desarroll\u00f3 en la Unidad Deportiva Francisco Sarabia. El director del IMD, Jes\u00fas Balderas Antuna, coment\u00f3 que la clausura del curso se realizar\u00e1 el pr\u00f3ximo viernes 09 [&hellip;]<\/p>\n","protected":false},"author":1,"featured_media":8037,"comment_status":"open","ping_status":"open","sticky":false,"template":"","format":"standard","meta":{"_monsterinsights_skip_tracking":false,"_monsterinsights_sitenote_active":false,"_monsterinsights_sitenote_note":"","_monsterinsights_sitenote_category":0,"footnotes":""},"categories":[1],"tags":[],"_links":{"self":[{"href":"https:\/\/zonalimitrofe-cbnr.com\/index.php\/wp-json\/wp\/v2\/posts\/8036"}],"collection":[{"href":"https:\/\/zonalimitrofe-cbnr.com\/index.php\/wp-json\/wp\/v2\/posts"}],"about":[{"href":"https:\/\/zonalimitrofe-cbnr.com\/index.php\/wp-json\/wp\/v2\/types\/post"}],"author":[{"embeddable":true,"href":"https:\/\/zonalimitrofe-cbnr.com\/index.php\/wp-json\/wp\/v2\/users\/1"}],"replies":[{"embeddable":true,"href":"https:\/\/zonalimitrofe-cbnr.com\/index.php\/wp-json\/wp\/v2\/comments?post=8036"}],"version-history":[{"count":1,"href":"https:\/\/zonalimitrofe-cbnr.com\/index.php\/wp-json\/wp\/v2\/posts\/8036\/revisions"}],"predecessor-version":[{"id":8038,"href":"https:\/\/zonalimitrofe-cbnr.com\/index.php\/wp-json\/wp\/v2\/posts\/8036\/revisions\/8038"}],"wp:featuredmedia":[{"embeddable":true,"href":"https:\/\/zonalimitrofe-cbnr.com\/index.php\/wp-json\/wp\/v2\/media\/8037"}],"wp:attachment":[{"href":"https:\/\/zonalimitrofe-cbnr.com\/index.php\/wp-json\/wp\/v2\/media?parent=8036"}],"wp:term":[{"taxonomy":"category","embeddable":true,"href":"https:\/\/zonalimitrofe-cbnr.com\/index.php\/wp-json\/wp\/v2\/categories?post=8036"},{"taxonomy":"post_tag","embeddable":true,"href":"https:\/\/zonalimitrofe-cbnr.com\/index.php\/wp-json\/wp\/v2\/tags?post=8036"}],"curies":[{"name":"wp","href":"https:\/\/api.w.org\/{rel}","templated":true}]}}