{"id":8003,"date":"2024-08-05T15:46:34","date_gmt":"2024-08-05T21:46:34","guid":{"rendered":"https:\/\/zonalimitrofe-cbnr.com\/?p=8003"},"modified":"2024-08-05T15:46:34","modified_gmt":"2024-08-05T21:46:34","slug":"durango-feria-nacional-villista-se-coloco-entre-las-mejores-del-pais-registro-un-millon-de-visitantes-y-deja-derrama-economica-de-271-mdp","status":"publish","type":"post","link":"https:\/\/zonalimitrofe-cbnr.com\/index.php\/2024\/08\/05\/durango-feria-nacional-villista-se-coloco-entre-las-mejores-del-pais-registro-un-millon-de-visitantes-y-deja-derrama-economica-de-271-mdp\/","title":{"rendered":"#Durango. Feria Nacional Villista se coloc\u00f3 entre las mejores del pa\u00eds; registr\u00f3 un mill\u00f3n de visitantes y deja derrama econ\u00f3mica de 271 mdp*"},"content":{"rendered":"\n<ul>\n<li><em>Edici\u00f3n 2024, propici\u00f3 una ocupaci\u00f3n hotelera de 80 por ciento con picos de hasta 94 por ciento los fines de semana.<\/em><\/li>\n<\/ul>\n\n\n\n<p>Como invitados de honor, en la \u00faltima transmisi\u00f3n del programa &#8220;Tu Feria&#8221;, el gobernador Esteban Villegas Villarreal y al titular de Ferias y Espect\u00e1culos, Lauro Arce Gallegos, destacaron el \u00e9xito que tuvo la Feria Nacional &#8220;Francisco Villa\u201d 2024 que cont\u00f3 con una gran afluencia de m\u00e1s de un mill\u00f3n de asistentes, entre locales y turistas que disfrutaron de conciertos y cientos de actividades todos los gustos.<\/p>\n\n\n\n<p>El Ejecutivo Estatal, dio a conocer que en esta edici\u00f3n, se registr\u00f3 un 80 por ciento de ocupaci\u00f3n hotelera con picos de 94 por ciento los fines de semana, que representa 10 puntos porcentuales mayores al a\u00f1o anterior, con visitantes de diferentes estados de la Rep\u00fablica Mexicana, as\u00ed como de otros pa\u00edses como Estados Unidos, Espa\u00f1a, Canad\u00e1, Per\u00fa y Alemania.<\/p>\n\n\n\n<p>Platic\u00f3 que con la organizaci\u00f3n de los diversos eventos, se generaron 4 mil 400 empleos directos e indirectos, que favorecen de forma positiva al desarrollo econ\u00f3mico local, e inform\u00f3, que se cuantific\u00f3 una derrama econ\u00f3mica de 271 millones de pesos, adem\u00e1s de los casi 9 millones de pesos que se recaudaron con la gran Subasta Ganadera, en apoyo a la Casa Hogar del DIF Estatal.<\/p>\n\n\n\n<p>Villegas Villarreal y Arce Gallegos, hicieron un reconocimiento a la colaboraci\u00f3n del equipo que encabeza el alcalde capitalino, To\u00f1o Ochoa, as\u00ed como de todas las personas que formaron parte del equipo de organizaci\u00f3n de esta feria; de igual manera a los int\u00e9rpretes de lengua a se\u00f1as que estuvieron en cada concierto.<\/p>\n\n\n\n<p>El Gobernador habl\u00f3 sobre la buena respuesta de los asistentes que disfrutaron en familia de actividades culturales, deportivas y ganaderas; fueron 17 conciertos en la Velaria, tres macroconciertos en la Explanada de los Grandes y 12 conciertos en el Palenque, adem\u00e1s de 110 actividades musicales, de danza y teatro, que resaltaron la cultura y el talento duranguense.<\/p>\n\n\n\n<p>Lauro Arce Gallegos, coment\u00f3 sobre la buena vibra que se transmiti\u00f3 en cada rinc\u00f3n del recinto ferial, desde el \u00e1rea gastron\u00f3mica, la expo empresarial, juegos mec\u00e1nicos, velar\u00eda y cada espacio en donde siempre se cont\u00f3 con la presencia de los cuerpos de seguridad y de prevenci\u00f3n, adem\u00e1s de que por primera vez se instal\u00f3 el Hospital sobre Ruedas, para brindar atenci\u00f3n a quien lo requiriera en caso de alg\u00fan imprevisto.<\/p>\n\n\n\n<p>Es as\u00ed como culmin\u00f3 est\u00e1 gran fiesta de 17 d\u00edas, que mantuvo costos de entrada a precios accesibles, transporte gratuito y atenci\u00f3n especial a ni\u00f1os, personas de la tercera edad y con alguna discapacidad.<\/p>\n","protected":false},"excerpt":{"rendered":"<p>Como invitados de honor, en la \u00faltima transmisi\u00f3n del programa &#8220;Tu Feria&#8221;, el gobernador Esteban Villegas Villarreal y al titular de Ferias y Espect\u00e1culos, Lauro Arce Gallegos, destacaron el \u00e9xito que tuvo la Feria Nacional &#8220;Francisco Villa\u201d 2024 que cont\u00f3 con una gran afluencia de m\u00e1s de un mill\u00f3n de asistentes, entre locales y turistas [&hellip;]<\/p>\n","protected":false},"author":1,"featured_media":8004,"comment_status":"open","ping_status":"open","sticky":false,"template":"","format":"standard","meta":{"_monsterinsights_skip_tracking":false,"_monsterinsights_sitenote_active":false,"_monsterinsights_sitenote_note":"","_monsterinsights_sitenote_category":0,"footnotes":""},"categories":[1],"tags":[],"_links":{"self":[{"href":"https:\/\/zonalimitrofe-cbnr.com\/index.php\/wp-json\/wp\/v2\/posts\/8003"}],"collection":[{"href":"https:\/\/zonalimitrofe-cbnr.com\/index.php\/wp-json\/wp\/v2\/posts"}],"about":[{"href":"https:\/\/zonalimitrofe-cbnr.com\/index.php\/wp-json\/wp\/v2\/types\/post"}],"author":[{"embeddable":true,"href":"https:\/\/zonalimitrofe-cbnr.com\/index.php\/wp-json\/wp\/v2\/users\/1"}],"replies":[{"embeddable":true,"href":"https:\/\/zonalimitrofe-cbnr.com\/index.php\/wp-json\/wp\/v2\/comments?post=8003"}],"version-history":[{"count":1,"href":"https:\/\/zonalimitrofe-cbnr.com\/index.php\/wp-json\/wp\/v2\/posts\/8003\/revisions"}],"predecessor-version":[{"id":8005,"href":"https:\/\/zonalimitrofe-cbnr.com\/index.php\/wp-json\/wp\/v2\/posts\/8003\/revisions\/8005"}],"wp:featuredmedia":[{"embeddable":true,"href":"https:\/\/zonalimitrofe-cbnr.com\/index.php\/wp-json\/wp\/v2\/media\/8004"}],"wp:attachment":[{"href":"https:\/\/zonalimitrofe-cbnr.com\/index.php\/wp-json\/wp\/v2\/media?parent=8003"}],"wp:term":[{"taxonomy":"category","embeddable":true,"href":"https:\/\/zonalimitrofe-cbnr.com\/index.php\/wp-json\/wp\/v2\/categories?post=8003"},{"taxonomy":"post_tag","embeddable":true,"href":"https:\/\/zonalimitrofe-cbnr.com\/index.php\/wp-json\/wp\/v2\/tags?post=8003"}],"curies":[{"name":"wp","href":"https:\/\/api.w.org\/{rel}","templated":true}]}}