{"id":7974,"date":"2024-08-04T16:41:38","date_gmt":"2024-08-04T22:41:38","guid":{"rendered":"https:\/\/zonalimitrofe-cbnr.com\/?p=7974"},"modified":"2024-08-04T16:41:39","modified_gmt":"2024-08-04T22:41:39","slug":"gp-ayuntamiento-de-gomez-palacio-lleva-cine-gratuito-a-las-comunidades-rurales","status":"publish","type":"post","link":"https:\/\/zonalimitrofe-cbnr.com\/index.php\/2024\/08\/04\/gp-ayuntamiento-de-gomez-palacio-lleva-cine-gratuito-a-las-comunidades-rurales\/","title":{"rendered":"#GP. Ayuntamiento de G\u00f3mez Palacio lleva cine gratuito a las comunidades rurales*"},"content":{"rendered":"\n<p>+Cine en la Plaza ha sido un \u00e9xito en los ejidos donde se ha presentado<\/p>\n\n\n\n<p>El Ayuntamiento de G\u00f3mez Palacio, a trav\u00e9s de la Direcci\u00f3n de Arte y Cultura, contin\u00faa con el programa Cine en la Plaza a los ejidos del municipio, a trav\u00e9s del cual los habitantes del medio rural pueden disfrutar del s\u00e9ptimo arte en las plazas de su comunidad de manera gratuita<\/p>\n\n\n\n<p>Melissa Reuter P\u00e9rez, titular de la dependencia enfatiz\u00f3 que por indicaciones de la Presidenta Municipal Leticia Herrera Ale, se implementa este proyecto con el fin de acercar momentos de esparcimiento, dijo tambi\u00e9n que en los ejidos donde a donde ha llegado Cine en la Plaza, ha tenido muy buena aceptaci\u00f3n por las familias.<\/p>\n\n\n\n<p>Detall\u00f3 que este programa, se realiza cada domingo en un ejido diferente; todo comienza con la instalaci\u00f3n de un domo inflable, el cual cuenta con aire acondicionado, audio envolvente y pantalla para proyectar pel\u00edculas, las cuales han sido cuidadosamente seleccionadas para transmitir a trav\u00e9s de su historia un valor que sea importante promover los espectadores.<\/p>\n\n\n\n<p>Mencion\u00f3 que uno de los factores que ha impulsado el \u00e9xito de esta actividad, es lo atractivo que resulta el domo para los ni\u00f1os, situaci\u00f3n que se ve reflejada en la buena asistencia que tiene esta actividad cada domingo.<\/p>\n\n\n\n<p>La funcionaria comparti\u00f3 que se eligi\u00f3 el d\u00eda domingo para realizar estas matin\u00e9s, por ser el d\u00eda en que las familias toman un descanso de sus actividades cotidianas<\/p>\n\n\n\n<p>Finalmente, la funcionaria detall\u00f3 que, durante el mes de agosto, Cine en la Plaza tendr\u00e1 cuatro funciones: el d\u00eda 04 en el ejido Arcinas, el 11 en ejido California, el 18 la Villa de Gregorio A. Garc\u00eda y el 25 en el ejido Los \u00c1ngeles.<\/p>\n","protected":false},"excerpt":{"rendered":"<p>+Cine en la Plaza ha sido un \u00e9xito en los ejidos donde se ha presentado El Ayuntamiento de G\u00f3mez Palacio, a trav\u00e9s de la Direcci\u00f3n de Arte y Cultura, contin\u00faa con el programa Cine en la Plaza a los ejidos del municipio, a trav\u00e9s del cual los habitantes del medio rural pueden disfrutar del s\u00e9ptimo [&hellip;]<\/p>\n","protected":false},"author":1,"featured_media":7975,"comment_status":"open","ping_status":"open","sticky":false,"template":"","format":"standard","meta":{"_monsterinsights_skip_tracking":false,"_monsterinsights_sitenote_active":false,"_monsterinsights_sitenote_note":"","_monsterinsights_sitenote_category":0,"footnotes":""},"categories":[1],"tags":[],"_links":{"self":[{"href":"https:\/\/zonalimitrofe-cbnr.com\/index.php\/wp-json\/wp\/v2\/posts\/7974"}],"collection":[{"href":"https:\/\/zonalimitrofe-cbnr.com\/index.php\/wp-json\/wp\/v2\/posts"}],"about":[{"href":"https:\/\/zonalimitrofe-cbnr.com\/index.php\/wp-json\/wp\/v2\/types\/post"}],"author":[{"embeddable":true,"href":"https:\/\/zonalimitrofe-cbnr.com\/index.php\/wp-json\/wp\/v2\/users\/1"}],"replies":[{"embeddable":true,"href":"https:\/\/zonalimitrofe-cbnr.com\/index.php\/wp-json\/wp\/v2\/comments?post=7974"}],"version-history":[{"count":1,"href":"https:\/\/zonalimitrofe-cbnr.com\/index.php\/wp-json\/wp\/v2\/posts\/7974\/revisions"}],"predecessor-version":[{"id":7976,"href":"https:\/\/zonalimitrofe-cbnr.com\/index.php\/wp-json\/wp\/v2\/posts\/7974\/revisions\/7976"}],"wp:featuredmedia":[{"embeddable":true,"href":"https:\/\/zonalimitrofe-cbnr.com\/index.php\/wp-json\/wp\/v2\/media\/7975"}],"wp:attachment":[{"href":"https:\/\/zonalimitrofe-cbnr.com\/index.php\/wp-json\/wp\/v2\/media?parent=7974"}],"wp:term":[{"taxonomy":"category","embeddable":true,"href":"https:\/\/zonalimitrofe-cbnr.com\/index.php\/wp-json\/wp\/v2\/categories?post=7974"},{"taxonomy":"post_tag","embeddable":true,"href":"https:\/\/zonalimitrofe-cbnr.com\/index.php\/wp-json\/wp\/v2\/tags?post=7974"}],"curies":[{"name":"wp","href":"https:\/\/api.w.org\/{rel}","templated":true}]}}