{"id":7958,"date":"2024-08-03T22:29:21","date_gmt":"2024-08-04T04:29:21","guid":{"rendered":"https:\/\/zonalimitrofe-cbnr.com\/?p=7958"},"modified":"2024-08-03T22:29:21","modified_gmt":"2024-08-04T04:29:21","slug":"coahuila-entregan-nuevos-nombramientos-en-la-secretaria-de-educacion","status":"publish","type":"post","link":"https:\/\/zonalimitrofe-cbnr.com\/index.php\/2024\/08\/03\/coahuila-entregan-nuevos-nombramientos-en-la-secretaria-de-educacion\/","title":{"rendered":"#Coahuila. ENTREGAN NUEVOS NOMBRAMIENTOS EN LA SECRETAR\u00cdA DE EDUCACI\u00d3N"},"content":{"rendered":"\n<p>Saltillo, Coahuila de Zaragoza; a 03 de agosto de 2024.- Para la Administraci\u00f3n del gobernador Manolo Jim\u00e9nez Salinas la educaci\u00f3n es una prioridad, por lo que se sigue fortaleciendo y robusteciendo dicha secretar\u00eda con nuevos perfiles, cambios y enroques con la finalidad de que el gran proyecto educativo que se detonar\u00e1 en el siguiente ciclo escolar sea exitoso.<\/p>\n\n\n\n<p>\u00d3scar Pimentel Gonz\u00e1lez, secretario de Gobierno, con la representaci\u00f3n del Mandatario estatal, junto a Emanuel Garza Fishburn, secretario de Educaci\u00f3n, entregaron nuevos nombramientos para directores, directoras, rectores, rectoras de instituciones educativas de diversas regiones de la entidad, as\u00ed como a titulares de direcciones de la propia secretar\u00eda.<\/p>\n\n\n\n<p>El Secretario de Gobierno destac\u00f3 que los movimientos que se han estado realizando en la Secretar\u00eda de Educaci\u00f3n obedecen a la necesidad de implementar el nuevo proyecto en la materia, por lo que el Gobernador del Estado gir\u00f3 instrucciones de fortalecer el equipo en esta dependencia.<\/p>\n\n\n\n<p>A cada uno de los nuevos funcionarios les exhort\u00f3 a desempe\u00f1arse con compromiso y honestidad por el bien de la ni\u00f1ez y juventud coahuilenses, y a trabajar con cercan\u00eda a la gente, como da el ejemplo el gobernador Manolo Jim\u00e9nez.<\/p>\n\n\n\n<p>Los nombramientos que se entregaron este d\u00eda, son:<\/p>\n\n\n\n<ul>\n<li>Abraham Segundo Gonz\u00e1lez Ruiz, director de Servicios Regionales Monclova.<\/li>\n\n\n\n<li>Alma Aleida L\u00f3pez Barr\u00f3n, rectora de la Universidad Polit\u00e9cnica de Ramos Arizpe.<\/li>\n\n\n\n<li>Santos Eduardo de la Garza Garc\u00eda, director del Instituto Tecnol\u00f3gico Superior de M\u00fazquiz.<\/li>\n\n\n\n<li>Adri\u00e1n Alberto S\u00e1nchez Ortiz, rector de la Universidad Tecnol\u00f3gica de Parras de la Fuente.<\/li>\n\n\n\n<li>Jos\u00e9 Armando Castro Murgu\u00eda, rector de la Universidad Polit\u00e9cnica de Monclova-Frontera.<\/li>\n\n\n\n<li>Gabriela Cruz Li\u00f1\u00e1n, directora de la Escuela Normal de Monclova.<\/li>\n\n\n\n<li>Pedro Cisneros Gaona, director de Educaci\u00f3n Especial.<\/li>\n\n\n\n<li>Guadalupe Fabiola Gonz\u00e1lez S\u00e1enz, directora de Educaci\u00f3n Art\u00edstica.<\/li>\n\n\n\n<li>Nancy Yazm\u00edn Flores Mart\u00ednez, directora Administrativa de Primarias Federales.<\/li>\n<\/ul>\n","protected":false},"excerpt":{"rendered":"<p>Saltillo, Coahuila de Zaragoza; a 03 de agosto de 2024.- Para la Administraci\u00f3n del gobernador Manolo Jim\u00e9nez Salinas la educaci\u00f3n es una prioridad, por lo que se sigue fortaleciendo y robusteciendo dicha secretar\u00eda con nuevos perfiles, cambios y enroques con la finalidad de que el gran proyecto educativo que se detonar\u00e1 en el siguiente ciclo [&hellip;]<\/p>\n","protected":false},"author":1,"featured_media":7959,"comment_status":"open","ping_status":"open","sticky":false,"template":"","format":"standard","meta":{"_monsterinsights_skip_tracking":false,"_monsterinsights_sitenote_active":false,"_monsterinsights_sitenote_note":"","_monsterinsights_sitenote_category":0,"footnotes":""},"categories":[1],"tags":[],"_links":{"self":[{"href":"https:\/\/zonalimitrofe-cbnr.com\/index.php\/wp-json\/wp\/v2\/posts\/7958"}],"collection":[{"href":"https:\/\/zonalimitrofe-cbnr.com\/index.php\/wp-json\/wp\/v2\/posts"}],"about":[{"href":"https:\/\/zonalimitrofe-cbnr.com\/index.php\/wp-json\/wp\/v2\/types\/post"}],"author":[{"embeddable":true,"href":"https:\/\/zonalimitrofe-cbnr.com\/index.php\/wp-json\/wp\/v2\/users\/1"}],"replies":[{"embeddable":true,"href":"https:\/\/zonalimitrofe-cbnr.com\/index.php\/wp-json\/wp\/v2\/comments?post=7958"}],"version-history":[{"count":1,"href":"https:\/\/zonalimitrofe-cbnr.com\/index.php\/wp-json\/wp\/v2\/posts\/7958\/revisions"}],"predecessor-version":[{"id":7960,"href":"https:\/\/zonalimitrofe-cbnr.com\/index.php\/wp-json\/wp\/v2\/posts\/7958\/revisions\/7960"}],"wp:featuredmedia":[{"embeddable":true,"href":"https:\/\/zonalimitrofe-cbnr.com\/index.php\/wp-json\/wp\/v2\/media\/7959"}],"wp:attachment":[{"href":"https:\/\/zonalimitrofe-cbnr.com\/index.php\/wp-json\/wp\/v2\/media?parent=7958"}],"wp:term":[{"taxonomy":"category","embeddable":true,"href":"https:\/\/zonalimitrofe-cbnr.com\/index.php\/wp-json\/wp\/v2\/categories?post=7958"},{"taxonomy":"post_tag","embeddable":true,"href":"https:\/\/zonalimitrofe-cbnr.com\/index.php\/wp-json\/wp\/v2\/tags?post=7958"}],"curies":[{"name":"wp","href":"https:\/\/api.w.org\/{rel}","templated":true}]}}