{"id":7934,"date":"2024-08-03T12:48:25","date_gmt":"2024-08-03T18:48:25","guid":{"rendered":"https:\/\/zonalimitrofe-cbnr.com\/?p=7934"},"modified":"2024-08-03T12:48:25","modified_gmt":"2024-08-03T18:48:25","slug":"gp-gomez-palacio-tendra-en-agosto-una-variada-agenda-cultural","status":"publish","type":"post","link":"https:\/\/zonalimitrofe-cbnr.com\/index.php\/2024\/08\/03\/gp-gomez-palacio-tendra-en-agosto-una-variada-agenda-cultural\/","title":{"rendered":"#GP. G\u00f3mez Palacio tendr\u00e1 en agosto una variada agenda cultural*"},"content":{"rendered":"\n<p>Con la finalidad de promover entre los gomezpalatinos la obra de los artistas locales en diversas disciplinas, y acercar a la poblaci\u00f3n diversas manifestaciones art\u00edsticas, el Ayuntamiento de G\u00f3mez Palacio, a trav\u00e9s de la Direcci\u00f3n de Arte y Cultura, present\u00f3 la agenda cultural del mes de agosto.<\/p>\n\n\n\n<p>Melissa Reuter P\u00e9rez, titular de la dependencia, inform\u00f3 que para el mes de agosto se tienen preparados ocho eventos, los cuales se suman las actividades que de manera permanente se llevan a cabo en Arte y Cultura del municipio.<\/p>\n\n\n\n<p>La funcionaria destac\u00f3 que para la Presidenta Municipal Leticia Herrera Ale, es de suma importancia que los gomezpalatinos tengan alternativas para apreciar distintas manifestaciones art\u00edsticas, pues adem\u00e1s de ser entretenidas, enriquecen la formaci\u00f3n de quienes gustan de ellas.<\/p>\n\n\n\n<p>Reuter P\u00e9rez detall\u00f3 que del jueves 01 al 15 de agosto, el Centro de Convenciones Francisco Zarco ser\u00e1 la sede de la exposici\u00f3n \u201cEl Recuento de los Da\u00f1os\u201d del artista urbano Juan Carlos Galindo, m\u00e1s conocido como Anco. Esta actividad ser\u00e1 inaugurada en punto de las 19:00 horas.<\/p>\n\n\n\n<p>Puntualiz\u00f3 que seguir\u00e1n con el programa de Cine en la Plaza, el cual se enfoca en llevar el cine a los ejidos de G\u00f3mez Palacio con un ciclo de cortometrajes. Arranca el 04 de agosto en el ejido Arcinas, el 11 en ejido California, el 18 en el ejido Villa Gregorio A. Garc\u00eda y el 25 en el ejido Los \u00c1ngeles.<\/p>\n\n\n\n<p>Afirm\u00f3 que contin\u00faa el apoyo a quienes deseen especializarse en la m\u00fasica, por ello se impartir\u00e1 un curso de introducci\u00f3n al solfeo, dirigido a los alumnos de la Banda de M\u00fasica &#8220;Escuela Alberto M. Alvarado&#8221;, que tiene como meta desarrollar las habilidades y competencias en el canto y la instrumentaci\u00f3n.<\/p>\n\n\n\n<p>Reuter P\u00e9rez mencion\u00f3 que una de las actividades m\u00e1s destacadas del mes de agosto, ser\u00e1 el concierto Cantoras por el Mundo, el cual se realizar\u00e1 el jueves 22 de agosto a las 19:00 horas en el Teatro Alberto M. Alvarado, donde m\u00fasicos pertenecientes a la Universidad Ju\u00e1rez del Estado de Durango (UJED) har\u00e1n un homenaje a la m\u00fasica cubana.<\/p>\n\n\n\n<p>Finalmente, la directora de cultura dijo que las actividades culturales de agosto culminar\u00e1n el d\u00eda 29 con la inauguraci\u00f3n de la exposici\u00f3n Acuarelistas, con alumnos de Mar\u00eda Vign\u00e9, en el Centro de Convenciones Francisco Zarco, en punto de las 19:30 horas.<\/p>\n","protected":false},"excerpt":{"rendered":"<p>Con la finalidad de promover entre los gomezpalatinos la obra de los artistas locales en diversas disciplinas, y acercar a la poblaci\u00f3n diversas manifestaciones art\u00edsticas, el Ayuntamiento de G\u00f3mez Palacio, a trav\u00e9s de la Direcci\u00f3n de Arte y Cultura, present\u00f3 la agenda cultural del mes de agosto. Melissa Reuter P\u00e9rez, titular de la dependencia, inform\u00f3 [&hellip;]<\/p>\n","protected":false},"author":1,"featured_media":7935,"comment_status":"open","ping_status":"open","sticky":false,"template":"","format":"standard","meta":{"_monsterinsights_skip_tracking":false,"_monsterinsights_sitenote_active":false,"_monsterinsights_sitenote_note":"","_monsterinsights_sitenote_category":0,"footnotes":""},"categories":[1],"tags":[],"_links":{"self":[{"href":"https:\/\/zonalimitrofe-cbnr.com\/index.php\/wp-json\/wp\/v2\/posts\/7934"}],"collection":[{"href":"https:\/\/zonalimitrofe-cbnr.com\/index.php\/wp-json\/wp\/v2\/posts"}],"about":[{"href":"https:\/\/zonalimitrofe-cbnr.com\/index.php\/wp-json\/wp\/v2\/types\/post"}],"author":[{"embeddable":true,"href":"https:\/\/zonalimitrofe-cbnr.com\/index.php\/wp-json\/wp\/v2\/users\/1"}],"replies":[{"embeddable":true,"href":"https:\/\/zonalimitrofe-cbnr.com\/index.php\/wp-json\/wp\/v2\/comments?post=7934"}],"version-history":[{"count":1,"href":"https:\/\/zonalimitrofe-cbnr.com\/index.php\/wp-json\/wp\/v2\/posts\/7934\/revisions"}],"predecessor-version":[{"id":7936,"href":"https:\/\/zonalimitrofe-cbnr.com\/index.php\/wp-json\/wp\/v2\/posts\/7934\/revisions\/7936"}],"wp:featuredmedia":[{"embeddable":true,"href":"https:\/\/zonalimitrofe-cbnr.com\/index.php\/wp-json\/wp\/v2\/media\/7935"}],"wp:attachment":[{"href":"https:\/\/zonalimitrofe-cbnr.com\/index.php\/wp-json\/wp\/v2\/media?parent=7934"}],"wp:term":[{"taxonomy":"category","embeddable":true,"href":"https:\/\/zonalimitrofe-cbnr.com\/index.php\/wp-json\/wp\/v2\/categories?post=7934"},{"taxonomy":"post_tag","embeddable":true,"href":"https:\/\/zonalimitrofe-cbnr.com\/index.php\/wp-json\/wp\/v2\/tags?post=7934"}],"curies":[{"name":"wp","href":"https:\/\/api.w.org\/{rel}","templated":true}]}}