{"id":7928,"date":"2024-08-03T12:38:55","date_gmt":"2024-08-03T18:38:55","guid":{"rendered":"https:\/\/zonalimitrofe-cbnr.com\/?p=7928"},"modified":"2024-08-03T12:38:55","modified_gmt":"2024-08-03T18:38:55","slug":"lerdo-concluye-etapa-de-registro-para-premio-municipal-de-las-juventudes-en-lerdo","status":"publish","type":"post","link":"https:\/\/zonalimitrofe-cbnr.com\/index.php\/2024\/08\/03\/lerdo-concluye-etapa-de-registro-para-premio-municipal-de-las-juventudes-en-lerdo\/","title":{"rendered":"#Lerdo. CONCLUYE ETAPA DE REGISTRO PARA PREMIO MUNICIPAL DE LAS JUVENTUDES EN LERDO*"},"content":{"rendered":"\n<p>Lerdo, 03 de agosto 2024.- Esta semana, se dio por concluida la etapa de registro de candidatos para el &#8220;Premio Municipal de las Juventudes Lerdo 2024&#8221;, con m\u00e1s de 25 j\u00f3venes inscritos en esta segunda edici\u00f3n. Este premio est\u00e1 dirigido a ni\u00f1os y j\u00f3venes de entre 12 y 29 a\u00f1os de edad.<\/p>\n\n\n\n<p>El director del Instituto Municipal de la Juventud, David Cano S\u00e1nchez, inform\u00f3 sobre el cierre de registros, agradeciendo a los m\u00e1s de 25 j\u00f3venes que cumplieron con el proceso y que estar\u00e1n participando en las cinco categor\u00edas disponibles: Logro Deportivo, Compromiso Social, Innovaci\u00f3n Emprendedora, Arte y Cultura.<\/p>\n\n\n\n<p>Este evento es una iniciativa impulsada por el Alcalde Homero Mart\u00ednez, con el objetivo de reconocer y valorar el esfuerzo de los j\u00f3venes en su contribuci\u00f3n a un mejor Lerdo.<\/p>\n\n\n\n<p>El siguiente paso ser\u00e1 la evaluaci\u00f3n de los participantes por un jurado compuesto por la comisi\u00f3n de asuntos juveniles y un representante de cada una de las categor\u00edas, a trav\u00e9s de las direcciones de Deportes, Medio Ambiente, Educaci\u00f3n y Cultura. La premiaci\u00f3n est\u00e1 programada para el pr\u00f3ximo 30 de agosto.<\/p>\n","protected":false},"excerpt":{"rendered":"<p>Lerdo, 03 de agosto 2024.- Esta semana, se dio por concluida la etapa de registro de candidatos para el &#8220;Premio Municipal de las Juventudes Lerdo 2024&#8221;, con m\u00e1s de 25 j\u00f3venes inscritos en esta segunda edici\u00f3n. Este premio est\u00e1 dirigido a ni\u00f1os y j\u00f3venes de entre 12 y 29 a\u00f1os de edad. El director del [&hellip;]<\/p>\n","protected":false},"author":1,"featured_media":7929,"comment_status":"open","ping_status":"open","sticky":false,"template":"","format":"standard","meta":{"_monsterinsights_skip_tracking":false,"_monsterinsights_sitenote_active":false,"_monsterinsights_sitenote_note":"","_monsterinsights_sitenote_category":0,"footnotes":""},"categories":[1],"tags":[],"_links":{"self":[{"href":"https:\/\/zonalimitrofe-cbnr.com\/index.php\/wp-json\/wp\/v2\/posts\/7928"}],"collection":[{"href":"https:\/\/zonalimitrofe-cbnr.com\/index.php\/wp-json\/wp\/v2\/posts"}],"about":[{"href":"https:\/\/zonalimitrofe-cbnr.com\/index.php\/wp-json\/wp\/v2\/types\/post"}],"author":[{"embeddable":true,"href":"https:\/\/zonalimitrofe-cbnr.com\/index.php\/wp-json\/wp\/v2\/users\/1"}],"replies":[{"embeddable":true,"href":"https:\/\/zonalimitrofe-cbnr.com\/index.php\/wp-json\/wp\/v2\/comments?post=7928"}],"version-history":[{"count":1,"href":"https:\/\/zonalimitrofe-cbnr.com\/index.php\/wp-json\/wp\/v2\/posts\/7928\/revisions"}],"predecessor-version":[{"id":7930,"href":"https:\/\/zonalimitrofe-cbnr.com\/index.php\/wp-json\/wp\/v2\/posts\/7928\/revisions\/7930"}],"wp:featuredmedia":[{"embeddable":true,"href":"https:\/\/zonalimitrofe-cbnr.com\/index.php\/wp-json\/wp\/v2\/media\/7929"}],"wp:attachment":[{"href":"https:\/\/zonalimitrofe-cbnr.com\/index.php\/wp-json\/wp\/v2\/media?parent=7928"}],"wp:term":[{"taxonomy":"category","embeddable":true,"href":"https:\/\/zonalimitrofe-cbnr.com\/index.php\/wp-json\/wp\/v2\/categories?post=7928"},{"taxonomy":"post_tag","embeddable":true,"href":"https:\/\/zonalimitrofe-cbnr.com\/index.php\/wp-json\/wp\/v2\/tags?post=7928"}],"curies":[{"name":"wp","href":"https:\/\/api.w.org\/{rel}","templated":true}]}}