{"id":7913,"date":"2024-08-02T18:07:10","date_gmt":"2024-08-03T00:07:10","guid":{"rendered":"https:\/\/zonalimitrofe-cbnr.com\/?p=7913"},"modified":"2024-08-02T18:07:10","modified_gmt":"2024-08-03T00:07:10","slug":"durango-fortalecer-la-salud-de-los-duranguenses-prioridad-del-gobierno-que-encabeza-esteban","status":"publish","type":"post","link":"https:\/\/zonalimitrofe-cbnr.com\/index.php\/2024\/08\/02\/durango-fortalecer-la-salud-de-los-duranguenses-prioridad-del-gobierno-que-encabeza-esteban\/","title":{"rendered":"#Durango. FORTALECER LA SALUD DE LOS DURANGUENSES, PRIORIDAD DEL GOBIERNO QUE ENCABEZA ESTEBAN"},"content":{"rendered":"\n<p>Comarca Lagunera.- El Gobierno encabezado por Esteban Villegas Villarreal, a trav\u00e9s de la Secretar\u00eda de Salud del Estado de Durango y la Jurisdicci\u00f3n Sanitaria No. 2 con sede en G\u00f3mez Palacio, se unir\u00e1n a las actividades de la Semana Nacional de Salud P\u00fablica que se llevar\u00e1 a cabo del 12 al 23 de agosto en la regi\u00f3n Laguna, as\u00ed lo dio a conocer el titular de la Jurisdicci\u00f3n, Luis Fernando Olvera Mart\u00ednez.<br>Destac\u00f3, que por instrucciones del mandatario estatal y con la finalidad de brindar a los duranguenses de la regi\u00f3n Laguna la oportunidad de detectar enfermedades principalmente cr\u00f3nicas, y recibir un tratamiento adecuado, es que durante esta Semana se concentran los programas de salud en un solo lugar y a disposici\u00f3n de a la poblaci\u00f3n.<br>Explic\u00f3 que, los Programas con los que cuenta la pol\u00edtica central del Sector Salud y que se pondr\u00e1n al servicio de la poblaci\u00f3n son: El esquema completo de vacunaci\u00f3n, atenci\u00f3n al adulto mayor, salud del ni\u00f1o, nutrici\u00f3n, salud sexual y reproductiva, detecci\u00f3n de c\u00e1ncer cervicouterino, c\u00e1ncer de mama, c\u00e1ncer de pr\u00f3stata, entre otros.<br>Olvera Mart\u00ednez dijo que, la Semana Nacional de Salud se llevar\u00e1 a cabo en la colonia Fidel Vel\u00e1zquez, porque la intenci\u00f3n del gobernador es no hacer distingos de ning\u00fan tipo y brindar atenci\u00f3n en materia de salud a toda la gente, principalmente a la m\u00e1s vulnerable y a quienes no cuentan con recursos econ\u00f3micos para atender su salud.<br>Por \u00faltimo, mencion\u00f3 que en esta Semana Nacional de Salud participar\u00e1n todos los Centros de Salud y podr\u00e1n acudir a hacer uso de dichos servicios la poblaci\u00f3n en general.<\/p>\n","protected":false},"excerpt":{"rendered":"<p>Comarca Lagunera.- El Gobierno encabezado por Esteban Villegas Villarreal, a trav\u00e9s de la Secretar\u00eda de Salud del Estado de Durango y la Jurisdicci\u00f3n Sanitaria No. 2 con sede en G\u00f3mez Palacio, se unir\u00e1n a las actividades de la Semana Nacional de Salud P\u00fablica que se llevar\u00e1 a cabo del 12 al 23 de agosto en [&hellip;]<\/p>\n","protected":false},"author":1,"featured_media":7914,"comment_status":"open","ping_status":"open","sticky":false,"template":"","format":"standard","meta":{"_monsterinsights_skip_tracking":false,"_monsterinsights_sitenote_active":false,"_monsterinsights_sitenote_note":"","_monsterinsights_sitenote_category":0,"footnotes":""},"categories":[1],"tags":[],"_links":{"self":[{"href":"https:\/\/zonalimitrofe-cbnr.com\/index.php\/wp-json\/wp\/v2\/posts\/7913"}],"collection":[{"href":"https:\/\/zonalimitrofe-cbnr.com\/index.php\/wp-json\/wp\/v2\/posts"}],"about":[{"href":"https:\/\/zonalimitrofe-cbnr.com\/index.php\/wp-json\/wp\/v2\/types\/post"}],"author":[{"embeddable":true,"href":"https:\/\/zonalimitrofe-cbnr.com\/index.php\/wp-json\/wp\/v2\/users\/1"}],"replies":[{"embeddable":true,"href":"https:\/\/zonalimitrofe-cbnr.com\/index.php\/wp-json\/wp\/v2\/comments?post=7913"}],"version-history":[{"count":1,"href":"https:\/\/zonalimitrofe-cbnr.com\/index.php\/wp-json\/wp\/v2\/posts\/7913\/revisions"}],"predecessor-version":[{"id":7915,"href":"https:\/\/zonalimitrofe-cbnr.com\/index.php\/wp-json\/wp\/v2\/posts\/7913\/revisions\/7915"}],"wp:featuredmedia":[{"embeddable":true,"href":"https:\/\/zonalimitrofe-cbnr.com\/index.php\/wp-json\/wp\/v2\/media\/7914"}],"wp:attachment":[{"href":"https:\/\/zonalimitrofe-cbnr.com\/index.php\/wp-json\/wp\/v2\/media?parent=7913"}],"wp:term":[{"taxonomy":"category","embeddable":true,"href":"https:\/\/zonalimitrofe-cbnr.com\/index.php\/wp-json\/wp\/v2\/categories?post=7913"},{"taxonomy":"post_tag","embeddable":true,"href":"https:\/\/zonalimitrofe-cbnr.com\/index.php\/wp-json\/wp\/v2\/tags?post=7913"}],"curies":[{"name":"wp","href":"https:\/\/api.w.org\/{rel}","templated":true}]}}