{"id":7901,"date":"2024-08-02T17:53:30","date_gmt":"2024-08-02T23:53:30","guid":{"rendered":"https:\/\/zonalimitrofe-cbnr.com\/?p=7901"},"modified":"2024-08-02T17:53:31","modified_gmt":"2024-08-02T23:53:31","slug":"durango-seguridad-organizacion-y-compromiso-en-plan-vacacional-verano-2024-del-gobierno-estatal","status":"publish","type":"post","link":"https:\/\/zonalimitrofe-cbnr.com\/index.php\/2024\/08\/02\/durango-seguridad-organizacion-y-compromiso-en-plan-vacacional-verano-2024-del-gobierno-estatal\/","title":{"rendered":"#Durango. Seguridad, organizaci\u00f3n y compromiso en Plan Vacacional Verano 2024 del Gobierno Estatal*"},"content":{"rendered":"\n<ul>\n<li><em>Esteban y Marisol abren las posibilidades para que nuestros hijos conozcan las diferentes deportes y cuiden su salud, coinciden padres de familia.<\/em><\/li>\n<\/ul>\n\n\n\n<p>Padres de familia, alumnos y personal del Plan Vacacional Verano 2024, impulsado por el Gobierno del Estado que encabeza Esteban Villegas a trav\u00e9s del Instituto Estatal del Deporte (IED), resaltaron la seguridad, organizaci\u00f3n y compromiso de este curso para ni\u00f1as, ni\u00f1os y adolescentes duranguenses.<\/p>\n\n\n\n<p>\u201cMe siento muy tranquila que mi hija est\u00e9 bien cuidada, aqu\u00ed es muy seguro, y los monitores est\u00e1n muy bien capacitados; estoy muy agradecida con el Gobernador y con Marisol, porque abren las posibilidades a nuestros hijos, de conocer los diferentes deportes\u201d, expres\u00f3 Amanda Monreal, quien comparti\u00f3 que su hija all\u00ed aprendi\u00f3 a nadar y tiene muchos amiguitos.<\/p>\n\n\n\n<p>En este sentido, Iv\u00e1n Hern\u00e1ndez, que inscribi\u00f3 a sus dos hijos y a su hermana, mencion\u00f3 que es algo muy bueno para que los ni\u00f1os se distraigan y no est\u00e9n en la casa en la televisi\u00f3n o en el celular y puedan convivir con otros ni\u00f1os; \u201cellos est\u00e1n felices, ya no quieren faltar, es algo muy bonito, aqu\u00ed los cuidan, tienen mucho personal a cargo de ellos, entonces s\u00ed es de confianza y recomiendo que traigan a sus hijos\u201d, a\u00f1adi\u00f3.<\/p>\n\n\n\n<p>Nayelly Soto Nava, que est\u00e1 en el grupo de 11 y 12 a\u00f1os, comparti\u00f3 que aprende y se divierte bastante en el curso, adem\u00e1s ah\u00ed ha conocido a muchos buenos amigos, \u201cen mi casa es estarme acostada o cosas as\u00ed y aqu\u00ed no te aburres, es de puras actividades f\u00edsicas y deportivas, voy conociendo m\u00e1s amigos; muchas gracias a Esteban y Marisol, que no cambien y que sigan haciendo Cursos de Verano\u201d, agreg\u00f3.<\/p>\n\n\n\n<p>Mattias M\u00e9ndez Vel\u00e1zquez, dijo sentirse muy feliz de participar en este divertido Plan Vacacional, ya que adem\u00e1s de haber hecho muchos amigos, perfeccion\u00f3 y aprendi\u00f3 otros deportes que no practicaba, como b\u00e9isbol, nataci\u00f3n, gimnasia y taekwondo.<\/p>\n\n\n\n<p>\u201cVengan al curso de verano, est\u00e1 muy bonito y hay mucha seguridad, me ense\u00f1an muchas cosas y deportes que no conoc\u00eda como luchas y handball\u201d, expres\u00f3 Ivanna Castro P\u00e9rez, al invitar a ni\u00f1os durangueses a participar en estas actividades que anualmente organiza el IED.<\/p>\n\n\n\n<p>Por su parte, la instructora de taekwondo, Francis Itzel Garc\u00eda y la monitora Yosset Burciaga, refrendaron su compromiso como personal, para que padres de familia tengan la certeza de que sus hijos est\u00e1n en buenas manos, y recalcaron la buena respuesta que ha tenido el curso este 2024.<\/p>\n\n\n\n<p>\u201cLos ni\u00f1os est\u00e1n muy emocionados de convivir con chicos de su edad y entusiasmados con las actividades, nosotros tratamos de implementar una estrategia de diversi\u00f3n y compromiso, adem\u00e1s es muy seguro, el plantel es a puerta cerrada, no entra cualquiera al instituto en horas de actividad con ellos\u201d, concluy\u00f3 la monitora.<\/p>\n","protected":false},"excerpt":{"rendered":"<p>Padres de familia, alumnos y personal del Plan Vacacional Verano 2024, impulsado por el Gobierno del Estado que encabeza Esteban Villegas a trav\u00e9s del Instituto Estatal del Deporte (IED), resaltaron la seguridad, organizaci\u00f3n y compromiso de este curso para ni\u00f1as, ni\u00f1os y adolescentes duranguenses. \u201cMe siento muy tranquila que mi hija est\u00e9 bien cuidada, aqu\u00ed [&hellip;]<\/p>\n","protected":false},"author":1,"featured_media":7902,"comment_status":"open","ping_status":"open","sticky":false,"template":"","format":"standard","meta":{"_monsterinsights_skip_tracking":false,"_monsterinsights_sitenote_active":false,"_monsterinsights_sitenote_note":"","_monsterinsights_sitenote_category":0,"footnotes":""},"categories":[1],"tags":[],"_links":{"self":[{"href":"https:\/\/zonalimitrofe-cbnr.com\/index.php\/wp-json\/wp\/v2\/posts\/7901"}],"collection":[{"href":"https:\/\/zonalimitrofe-cbnr.com\/index.php\/wp-json\/wp\/v2\/posts"}],"about":[{"href":"https:\/\/zonalimitrofe-cbnr.com\/index.php\/wp-json\/wp\/v2\/types\/post"}],"author":[{"embeddable":true,"href":"https:\/\/zonalimitrofe-cbnr.com\/index.php\/wp-json\/wp\/v2\/users\/1"}],"replies":[{"embeddable":true,"href":"https:\/\/zonalimitrofe-cbnr.com\/index.php\/wp-json\/wp\/v2\/comments?post=7901"}],"version-history":[{"count":1,"href":"https:\/\/zonalimitrofe-cbnr.com\/index.php\/wp-json\/wp\/v2\/posts\/7901\/revisions"}],"predecessor-version":[{"id":7903,"href":"https:\/\/zonalimitrofe-cbnr.com\/index.php\/wp-json\/wp\/v2\/posts\/7901\/revisions\/7903"}],"wp:featuredmedia":[{"embeddable":true,"href":"https:\/\/zonalimitrofe-cbnr.com\/index.php\/wp-json\/wp\/v2\/media\/7902"}],"wp:attachment":[{"href":"https:\/\/zonalimitrofe-cbnr.com\/index.php\/wp-json\/wp\/v2\/media?parent=7901"}],"wp:term":[{"taxonomy":"category","embeddable":true,"href":"https:\/\/zonalimitrofe-cbnr.com\/index.php\/wp-json\/wp\/v2\/categories?post=7901"},{"taxonomy":"post_tag","embeddable":true,"href":"https:\/\/zonalimitrofe-cbnr.com\/index.php\/wp-json\/wp\/v2\/tags?post=7901"}],"curies":[{"name":"wp","href":"https:\/\/api.w.org\/{rel}","templated":true}]}}