{"id":7881,"date":"2024-08-01T19:42:04","date_gmt":"2024-08-02T01:42:04","guid":{"rendered":"https:\/\/zonalimitrofe-cbnr.com\/?p=7881"},"modified":"2024-08-01T19:42:05","modified_gmt":"2024-08-02T01:42:05","slug":"torreon-roman-alberto-cepeda-gonzalez-clausura-los-cursos-de-verano-del-dif","status":"publish","type":"post","link":"https:\/\/zonalimitrofe-cbnr.com\/index.php\/2024\/08\/01\/torreon-roman-alberto-cepeda-gonzalez-clausura-los-cursos-de-verano-del-dif\/","title":{"rendered":"#Torre\u00f3n. Rom\u00e1n Alberto Cepeda Gonz\u00e1lez clausura los cursos de verano del DIF"},"content":{"rendered":"\n<p>Torre\u00f3n, Coahuila. A 1 de agosto de 2024.<\/p>\n\n\n\n<p>Este jueves, el alcalde Rom\u00e1n Alberto Cepeda Gonz\u00e1lez clausur\u00f3 los cursos de verano 2024 organizados por el Sistema para el Desarrollo Integral de la Familia (DIF) Torre\u00f3n, en coordinaci\u00f3n con institutos y dependencias municipales.<\/p>\n\n\n\n<p>La velaria de Ciudad DIF fue la sede de la clausura, en donde se prepar\u00f3 una gran fiesta de convivencia con ni\u00f1os y ni\u00f1as que participaron en diferentes actividades recreativas.<br>&nbsp;<br>En su mensaje, el Presidente Municipal exhort\u00f3 a los infantes a seguir prepar\u00e1ndose en sus estudios y en el desarrollo de sus intereses individuales.<br>&nbsp;<br>\u201cSigan estudiando, sigan ech\u00e1ndole ganas, son ni\u00f1os que el d\u00eda de ma\u00f1ana como adultos van a representar a Torre\u00f3n, a La Laguna, a Coahuila. Ustedes van a ser gente emprendedora, y hoy estamos poniendo un peque\u00f1o granito de arena para que sigan sus sue\u00f1os\u201d, expres\u00f3 el edil.<br>&nbsp;<br>Rom\u00e1n Alberto Cepeda Gonz\u00e1lez motiv\u00f3 a los ni\u00f1os a prepararse y a mantener la inquietud que les caracteriza, pues en un futuro representar\u00e1n a M\u00e9xico en \u00e1mbitos como el deporte en Las Olimpiadas, en lo profesional, en la cultura o en la pol\u00edtica.<br>&nbsp;<br>\u201cMe da mucho gusto como Presidente, convivir con ustedes y decirles que vamos a seguir trabajando con este gran equipo del DIF y de todas las direcciones para que siempre podamos seguir construyendo sue\u00f1os para ustedes. Siempre hagan algo bueno para su familia, para Torre\u00f3n y para Coahuila\u201d, mencion\u00f3.<br>&nbsp;<br>Adem\u00e1s, el Alcalde pidi\u00f3 a los ni\u00f1os el retomar estos cursos el a\u00f1o pr\u00f3ximo.<br>&nbsp;<br>Por su parte, la se\u00f1ora Selina Bremer de Cepeda, Presidenta Honoraria de DIF Torre\u00f3n, dijo que las actividades de los cursos se realizaron en coordinaci\u00f3n con el Instituto Municipal del Deporte, Instituto Municipal de Cultura y Educaci\u00f3n, y la Direcci\u00f3n de Turismo.<br>&nbsp;<br>Los peque\u00f1os pudieron disfrutar de las amenidades que se prepararon para la clausura, como brincolines, pastel, nieve, show infantil y dos horas de juegos en el Bosque Urbano.<br>&nbsp;<br>Selina Bremer de Cepeda agradeci\u00f3 al Alcalde por el apoyo para la realizaci\u00f3n de los cursos de verano, as\u00ed como al personal municipal que particip\u00f3 como gu\u00edas de los ni\u00f1os en las diferentes actividades.<br>&nbsp;<br>Acerca de los cursos, la presidenta del DIF Torre\u00f3n dijo que el deporte es una pr\u00e1ctica que contribuye a la salud emocional, f\u00edsica, y a la prevenci\u00f3n de adicciones.<br>&nbsp;<br>\u201cSiempre hay que apostarle a que ni\u00f1os y j\u00f3venes est\u00e9n ocupados, bien encausados y lleven una vida sana en todos sentidos\u201d, se\u00f1al\u00f3.<br>&nbsp;<br>El total de actividades y cursos tuvo una asistencia aproximada de mil 500 ni\u00f1os, de seis a 12 a\u00f1os de edad.<br>&nbsp;<br>El curso inici\u00f3 el 15 de julio y concluir\u00e1 ma\u00f1ana viernes 2 de agosto.<br>&nbsp;<br>Las actividades se desarrollaron en diferentes sedes del Municipio, como los 10 centros comunitarios a cargo del DIF Torre\u00f3n, los centros culturales y los deportivos como La Jabonera, Multideportivo Oriente, Auditorio Municipal, Gimnasio Alamedas y L\u00ednea Verde.<br>&nbsp;<br>\u201cEn esta ocasi\u00f3n se sum\u00f3 tambi\u00e9n la Direcci\u00f3n de Turismo para promover y fomentar en los ni\u00f1os las ra\u00edces y el amor por nuestro Querido Torre\u00f3n\u201d, mencion\u00f3 la se\u00f1ora Bremer de Cepeda.<\/p>\n","protected":false},"excerpt":{"rendered":"<p>Torre\u00f3n, Coahuila. A 1 de agosto de 2024. Este jueves, el alcalde Rom\u00e1n Alberto Cepeda Gonz\u00e1lez clausur\u00f3 los cursos de verano 2024 organizados por el Sistema para el Desarrollo Integral de la Familia (DIF) Torre\u00f3n, en coordinaci\u00f3n con institutos y dependencias municipales. La velaria de Ciudad DIF fue la sede de la clausura, en donde [&hellip;]<\/p>\n","protected":false},"author":1,"featured_media":7882,"comment_status":"open","ping_status":"open","sticky":false,"template":"","format":"standard","meta":{"_monsterinsights_skip_tracking":false,"_monsterinsights_sitenote_active":false,"_monsterinsights_sitenote_note":"","_monsterinsights_sitenote_category":0,"footnotes":""},"categories":[1],"tags":[],"_links":{"self":[{"href":"https:\/\/zonalimitrofe-cbnr.com\/index.php\/wp-json\/wp\/v2\/posts\/7881"}],"collection":[{"href":"https:\/\/zonalimitrofe-cbnr.com\/index.php\/wp-json\/wp\/v2\/posts"}],"about":[{"href":"https:\/\/zonalimitrofe-cbnr.com\/index.php\/wp-json\/wp\/v2\/types\/post"}],"author":[{"embeddable":true,"href":"https:\/\/zonalimitrofe-cbnr.com\/index.php\/wp-json\/wp\/v2\/users\/1"}],"replies":[{"embeddable":true,"href":"https:\/\/zonalimitrofe-cbnr.com\/index.php\/wp-json\/wp\/v2\/comments?post=7881"}],"version-history":[{"count":1,"href":"https:\/\/zonalimitrofe-cbnr.com\/index.php\/wp-json\/wp\/v2\/posts\/7881\/revisions"}],"predecessor-version":[{"id":7883,"href":"https:\/\/zonalimitrofe-cbnr.com\/index.php\/wp-json\/wp\/v2\/posts\/7881\/revisions\/7883"}],"wp:featuredmedia":[{"embeddable":true,"href":"https:\/\/zonalimitrofe-cbnr.com\/index.php\/wp-json\/wp\/v2\/media\/7882"}],"wp:attachment":[{"href":"https:\/\/zonalimitrofe-cbnr.com\/index.php\/wp-json\/wp\/v2\/media?parent=7881"}],"wp:term":[{"taxonomy":"category","embeddable":true,"href":"https:\/\/zonalimitrofe-cbnr.com\/index.php\/wp-json\/wp\/v2\/categories?post=7881"},{"taxonomy":"post_tag","embeddable":true,"href":"https:\/\/zonalimitrofe-cbnr.com\/index.php\/wp-json\/wp\/v2\/tags?post=7881"}],"curies":[{"name":"wp","href":"https:\/\/api.w.org\/{rel}","templated":true}]}}