{"id":7765,"date":"2024-07-30T12:44:59","date_gmt":"2024-07-30T18:44:59","guid":{"rendered":"https:\/\/zonalimitrofe-cbnr.com\/?p=7765"},"modified":"2024-07-30T12:45:00","modified_gmt":"2024-07-30T18:45:00","slug":"gp-habra-segunda-edicion-de-la-feria-del-empleo-juvenil-en-gomez-palacio","status":"publish","type":"post","link":"https:\/\/zonalimitrofe-cbnr.com\/index.php\/2024\/07\/30\/gp-habra-segunda-edicion-de-la-feria-del-empleo-juvenil-en-gomez-palacio\/","title":{"rendered":"#GP. Habr\u00e1 segunda edici\u00f3n de la Feria del Empleo Juvenil en G\u00f3mez Palacio"},"content":{"rendered":"\n<p>Gracias al gran \u00e9xito en la Primera Feria del Empleo Juvenil 2024, el Ayuntamiento de G\u00f3mez Palacio, a trav\u00e9s del Instituto Municipal de la Juventud, dio a conocer que se llevar\u00e1 a cabo una segunda edici\u00f3n, donde habr\u00e1 nuevos convenios con empresas y m\u00e1s de 600 vacantes disponibles para quienes buscan una oportunidad de empleo.<\/p>\n\n\n\n<p>Sof\u00eda Carriedo Garc\u00eda, titular de la dependencia, puntualiz\u00f3 que en la primera edici\u00f3n se recibieron 450 solicitudes, para 34 empresas donde el 70 por ciento fueron j\u00f3venes entre 17 y 27 a\u00f1os.<\/p>\n\n\n\n<p>Destac\u00f3 que por instrucciones de la Presidenta Municipal Leticia Herrera Ale, se tendr\u00e1 una segunda edici\u00f3n, la cual estar\u00e1 programada para el mes de septiembre con una mayor captaci\u00f3n de personas, pero enfocada en los j\u00f3venes en edad productiva laboral.<\/p>\n\n\n\n<p>Esto con el fin de acercar a los buscadores de empleo varias opciones de empleo en un mismo lugar.<\/p>\n\n\n\n<p>Puntualiz\u00f3 que estas acciones son primordiales para generar mejores condiciones de vida para los j\u00f3venes gomezpalatinos, por lo que se ampliar\u00e1n los convenios con las empresas con sede en el coraz\u00f3n industrial de La Laguna.<\/p>\n\n\n\n<p>Carriedo Garc\u00eda expuso que las empresas que participaron en la primera edici\u00f3n de la Feria del Empleo Juvenil, manifestaron su agradecimiento por el apoyo recibido por la Presidenta Municipal Leticia Herrera Ale, que facilit\u00f3 la realizaci\u00f3n del reclutamiento laboral.<\/p>\n","protected":false},"excerpt":{"rendered":"<p>Gracias al gran \u00e9xito en la Primera Feria del Empleo Juvenil 2024, el Ayuntamiento de G\u00f3mez Palacio, a trav\u00e9s del Instituto Municipal de la Juventud, dio a conocer que se llevar\u00e1 a cabo una segunda edici\u00f3n, donde habr\u00e1 nuevos convenios con empresas y m\u00e1s de 600 vacantes disponibles para quienes buscan una oportunidad de empleo. [&hellip;]<\/p>\n","protected":false},"author":1,"featured_media":7766,"comment_status":"open","ping_status":"open","sticky":false,"template":"","format":"standard","meta":{"_monsterinsights_skip_tracking":false,"_monsterinsights_sitenote_active":false,"_monsterinsights_sitenote_note":"","_monsterinsights_sitenote_category":0,"footnotes":""},"categories":[1],"tags":[],"_links":{"self":[{"href":"https:\/\/zonalimitrofe-cbnr.com\/index.php\/wp-json\/wp\/v2\/posts\/7765"}],"collection":[{"href":"https:\/\/zonalimitrofe-cbnr.com\/index.php\/wp-json\/wp\/v2\/posts"}],"about":[{"href":"https:\/\/zonalimitrofe-cbnr.com\/index.php\/wp-json\/wp\/v2\/types\/post"}],"author":[{"embeddable":true,"href":"https:\/\/zonalimitrofe-cbnr.com\/index.php\/wp-json\/wp\/v2\/users\/1"}],"replies":[{"embeddable":true,"href":"https:\/\/zonalimitrofe-cbnr.com\/index.php\/wp-json\/wp\/v2\/comments?post=7765"}],"version-history":[{"count":1,"href":"https:\/\/zonalimitrofe-cbnr.com\/index.php\/wp-json\/wp\/v2\/posts\/7765\/revisions"}],"predecessor-version":[{"id":7767,"href":"https:\/\/zonalimitrofe-cbnr.com\/index.php\/wp-json\/wp\/v2\/posts\/7765\/revisions\/7767"}],"wp:featuredmedia":[{"embeddable":true,"href":"https:\/\/zonalimitrofe-cbnr.com\/index.php\/wp-json\/wp\/v2\/media\/7766"}],"wp:attachment":[{"href":"https:\/\/zonalimitrofe-cbnr.com\/index.php\/wp-json\/wp\/v2\/media?parent=7765"}],"wp:term":[{"taxonomy":"category","embeddable":true,"href":"https:\/\/zonalimitrofe-cbnr.com\/index.php\/wp-json\/wp\/v2\/categories?post=7765"},{"taxonomy":"post_tag","embeddable":true,"href":"https:\/\/zonalimitrofe-cbnr.com\/index.php\/wp-json\/wp\/v2\/tags?post=7765"}],"curies":[{"name":"wp","href":"https:\/\/api.w.org\/{rel}","templated":true}]}}