{"id":7226,"date":"2024-07-13T14:17:52","date_gmt":"2024-07-13T20:17:52","guid":{"rendered":"https:\/\/zonalimitrofe-cbnr.com\/?p=7226"},"modified":"2024-07-13T14:17:52","modified_gmt":"2024-07-13T20:17:52","slug":"durango-las-comunidades-del-mezquital-ahora-tenemos-un-gobernador-amigo-que-atiende-nuestras-necesidades-beneficiarios","status":"publish","type":"post","link":"https:\/\/zonalimitrofe-cbnr.com\/index.php\/2024\/07\/13\/durango-las-comunidades-del-mezquital-ahora-tenemos-un-gobernador-amigo-que-atiende-nuestras-necesidades-beneficiarios\/","title":{"rendered":"#Durango. Las comunidades del Mezquital ahora tenemos un Gobernador amigo que atiende nuestras necesidades: beneficiarios*"},"content":{"rendered":"\n<ul>\n<li><em>Llegan los apoyos a la comunidad de Los Charcos, con obras prioritarias de agua potable, seguridad, infraestructura escolar y vivienda.<\/em><\/li>\n<\/ul>\n\n\n\n<p><em>Los Charcos, Mezquital, Dgo.-<\/em> Durante la gira del gobernador Esteban Villegas Villarreal por la zona serrana del Mezquital, los beneficiarios adem\u00e1s de expresar sus necesidades, recibieron diversos apoyos que les permitir\u00e1n mejorar sus viviendas y su calidad de vida en la comunidad de Los Charcos.<\/p>\n\n\n\n<p>En este sentido, el maestro Juan Jes\u00fas Ochoa, indic\u00f3 que adem\u00e1s de sorpresiva la visita del Mandatario Estatal, le dio mucho gusto ver c\u00f3mo las familias resultaron beneficiadas en los diferentes sectores, desde los alumnos con espacios escolares, como las familias con mejoras en sus viviendas y obras prioritarias.<\/p>\n\n\n\n<p>Igualmente agradeci\u00f3 contar con el acceso a los programas del DIF Estatal para que quien necesite implementos y apoyos funcionales, los puedan hacer sin ning\u00fan costo; \u201caqu\u00ed en la regi\u00f3n hay mucha necesidad y el hecho de contar con implementos m\u00e9dicos, ya es un aliviane por la falta de recurso\u201d.<\/p>\n\n\n\n<p>Referente a las inversiones en obras que han realizado el Gobernador y su alcalde, dijo que, \u201csuman de muchito en muchito; me ha tocado ver las obras en varias comunidades y se nota el gran apoyo\u201d, expres\u00f3.<\/p>\n\n\n\n<p>Filiberto Gurrola Vel\u00e1zquez, uno de los habitantes de la regi\u00f3n, coment\u00f3 que las familias ahora estar\u00e1n mejor con acciones de techos y pisos, \u201ccreo que el Gobernador junto con el presidente municipal, han hecho mucho en la sierra del Mezquital, est\u00e1n haciendo algo bien en el municipio, no nos han abandonado; se ha mantenido la coordinaci\u00f3n y buenas acciones\u201d.<\/p>\n\n\n\n<p>Paula Galv\u00e1n, ama de casa de la comunidad de Los Charcos, que se benefici\u00f3 con los apoyos alimentarios, expuso lo acertada que fue esta visita de las autoridades, \u201cmuchas gracias que vienen a darnos cosas, el comedor est\u00e1 muy bien para nuestros hijos, para los j\u00f3venes que a veces no tienen para comer\u201d, indic\u00f3.<\/p>\n\n\n\n<p>Con estas obras, apoyos y acciones de vivienda, es como Esteban Villegas cumple los compromisos que tiene con los duranguenses, sobre todos a las familias que m\u00e1s lo necesitan de manera directa y a favor de las comunidades de la regi\u00f3n, como lo constataron los beneficiarios del Mezquital.<\/p>\n","protected":false},"excerpt":{"rendered":"<p>Los Charcos, Mezquital, Dgo.- Durante la gira del gobernador Esteban Villegas Villarreal por la zona serrana del Mezquital, los beneficiarios adem\u00e1s de expresar sus necesidades, recibieron diversos apoyos que les permitir\u00e1n mejorar sus viviendas y su calidad de vida en la comunidad de Los Charcos. En este sentido, el maestro Juan Jes\u00fas Ochoa, indic\u00f3 que [&hellip;]<\/p>\n","protected":false},"author":1,"featured_media":7227,"comment_status":"open","ping_status":"open","sticky":false,"template":"","format":"standard","meta":{"_monsterinsights_skip_tracking":false,"_monsterinsights_sitenote_active":false,"_monsterinsights_sitenote_note":"","_monsterinsights_sitenote_category":0,"footnotes":""},"categories":[1],"tags":[],"_links":{"self":[{"href":"https:\/\/zonalimitrofe-cbnr.com\/index.php\/wp-json\/wp\/v2\/posts\/7226"}],"collection":[{"href":"https:\/\/zonalimitrofe-cbnr.com\/index.php\/wp-json\/wp\/v2\/posts"}],"about":[{"href":"https:\/\/zonalimitrofe-cbnr.com\/index.php\/wp-json\/wp\/v2\/types\/post"}],"author":[{"embeddable":true,"href":"https:\/\/zonalimitrofe-cbnr.com\/index.php\/wp-json\/wp\/v2\/users\/1"}],"replies":[{"embeddable":true,"href":"https:\/\/zonalimitrofe-cbnr.com\/index.php\/wp-json\/wp\/v2\/comments?post=7226"}],"version-history":[{"count":1,"href":"https:\/\/zonalimitrofe-cbnr.com\/index.php\/wp-json\/wp\/v2\/posts\/7226\/revisions"}],"predecessor-version":[{"id":7228,"href":"https:\/\/zonalimitrofe-cbnr.com\/index.php\/wp-json\/wp\/v2\/posts\/7226\/revisions\/7228"}],"wp:featuredmedia":[{"embeddable":true,"href":"https:\/\/zonalimitrofe-cbnr.com\/index.php\/wp-json\/wp\/v2\/media\/7227"}],"wp:attachment":[{"href":"https:\/\/zonalimitrofe-cbnr.com\/index.php\/wp-json\/wp\/v2\/media?parent=7226"}],"wp:term":[{"taxonomy":"category","embeddable":true,"href":"https:\/\/zonalimitrofe-cbnr.com\/index.php\/wp-json\/wp\/v2\/categories?post=7226"},{"taxonomy":"post_tag","embeddable":true,"href":"https:\/\/zonalimitrofe-cbnr.com\/index.php\/wp-json\/wp\/v2\/tags?post=7226"}],"curies":[{"name":"wp","href":"https:\/\/api.w.org\/{rel}","templated":true}]}}